{"id":432,"date":"2018-11-24T12:07:08","date_gmt":"2018-11-24T12:07:08","guid":{"rendered":"http:\/\/institutviladomat.cat\/portfoli\/16laiacantarell\/?p=432"},"modified":"2018-11-25T10:44:50","modified_gmt":"2018-11-25T10:44:50","slug":"xerrada-proactiva-open-arms","status":"publish","type":"post","link":"https:\/\/institutviladomat.cat\/portfoli\/16laiacantarell\/2018\/11\/24\/xerrada-proactiva-open-arms\/","title":{"rendered":"Xerrada Proactiva Open Arms"},"content":{"rendered":"<p>Avui una volunt\u00e0ria de l\u2019ONG Proactiva Open Arms, creada per Oscar Camps l&#8217;any 2015, ens ha vingut a fer una xerrada. La volunt\u00e0ria es diu Ayelen i acabava d\u2019arribar d\u2019una missi\u00f3 al Mar d\u2019Albor\u00e0n. Ella \u00e9s nativa d&#8217;Argentina, per\u00f2 ja fa anys que va venir a Espanya. Ella fa m\u00e9s de dos anys que \u00e9s volunt\u00e0ria de Proactiva Open Arms. Degut aix\u00f2, ha viscut i vist moltes situacions tr\u00e0giques.<\/p>\n<p>Ens ha explicat qu\u00e8 \u00e9s, com funciona i a qu\u00e8 es dedica l&#8217;ONG i com ho fan. L&#8217;Open Arms \u00e9s una organitzaci\u00f3 no governamental que t\u00e9 com a principal objectiu salvar vides. La seva missi\u00f3 \u00e9s rescatar del mar\u00a0a aquelles persones\u00a0\u00a0que intenten arribar a Europa\u00a0\u00a0fugint dels seus pa\u00efsos a causa dels conflictes b\u00e8l\u00b7lics, la persecuci\u00f3, la pobresa&#8230;<\/p>\n<p>Es dediquen\u00a0a la\u00a0\u00a0vigil\u00e0ncia i salvament de les embarcacions\u00a0\u00a0de persones que necessiten auxili al Mar Egeu i al Mediterrani, a les quals\u00a0ning\u00fa t\u00e9 en compte.<\/p>\n<p>Tot va comen\u00e7ar amb unes fotos de nens ofegats en una platja. Amb la foto que es va fer viral a les xarxes d&#8217;un nen de 5 anys mort a la platja. En aquell viatge tamb\u00e9 va morir el germ\u00e0 petit de 3 anys i la mare de 35, juntament amb centenars de persones m\u00e9s.<\/p>\n<p>Amb l&#8217;ajuda de moltes persones que col\u00b7laboren amb donatius, poden augmentar els recursos i\u00a0\u00a0salvar cada dia m\u00e9s vides.<\/p>\n<p><img decoding=\"async\" loading=\"lazy\" class=\"alignright\" src=\"https:\/\/www.proactivaopenarms.org\/uploads\/landings\/graph-2.png?1520421876931\" alt=\"graph-1\" width=\"87\" height=\"48\" \/><\/p>\n<p>Quan\u00a0van arribar a la platja de Lesbos el setembre de 2015, feien els rescats\u00a0\u00a0nedant, sense equipament\u00a0, per\u00f2 aviat es van veure obligats a fer nombrosos rescats usant les embarcacions prec\u00e0ries en qu\u00e8 arribaven els refugiats.<\/p>\n<p><strong><img decoding=\"async\" loading=\"lazy\" class=\"alignleft\" src=\"https:\/\/www.proactivaopenarms.org\/uploads\/landings\/graph-3.png?1520421876931\" alt=\"graph-1\" width=\"121\" height=\"53\" \/><\/strong>Gr\u00e0cies a les donacions de moltes persones, van aconseguir\u00a02 motos d&#8217;aigua de rescat, just a temps per al naufragi del 28 d&#8217;octubre.\u00a0Dos mesos despr\u00e9s, ens van fer amb\u00a03 embarcacions completament equipades\u00a0per seguir fent rescats amb m\u00e9s seguretat.<\/p>\n<p>Les morts a la Mediterr\u00e0nia es van multiplicar, de manera que <img decoding=\"async\" loading=\"lazy\" class=\"alignright\" src=\"https:\/\/e00-elmundo.uecdn.es\/assets\/multimedia\/imagenes\/2018\/02\/25\/15195594091208.jpg\" alt=\"Resultat d'imatges de astral open arms\" width=\"206\" height=\"128\" \/>calia\u00a0una\u00a0embarcaci\u00f3 de m\u00e9s envergadura\u00a0.\u00a0Aix\u00ed va arribar l&#8217;ASTRAL\u00a0, un\u00a0vaixell amb el qual\u00a0van salvar 15.000 vides en els primers 4 mesos d&#8217;operaci\u00f3.<\/p>\n<p>Al desembre de 2016 es va canviar el vaixell al GOLF AZZURRO, un vaixell pesquer reconvertit i medicalitzat amb qu\u00e8\u00a0han salvat milers de fam\u00edlies i persones.\u00a0Aquests donatius <img decoding=\"async\" loading=\"lazy\" class=\"alignleft\" src=\"http:\/\/www.golfoazzurro.nl\/wp-content\/uploads\/2016\/12\/cropped-15626008_1225824964120443_8812541951127980033_o.jpg\" alt=\"Resultat d'imatges de golfo azzurro open arms\" width=\"174\" height=\"108\" \/>tamb\u00e9 ajuden a augmentar el seu equip per aix\u00ed poder-lo rotar.\u00a0Els voluntaris roten cada 15 dies per l&#8217;impacte f\u00edsic i emocional de la situaci\u00f3.<\/p>\n<p>&nbsp;<\/p>\n<p>La independ\u00e8ncia econ\u00f2mica d&#8217;Open Arms \u00e9s gr\u00e0cies a la suma de les petites aportacions privades.\u00a0Del total dels ingressos, el\u00a096% pertany a donacions privades.\u00a0El\u00a04%\u00a0restant pertany a ajudes d&#8217;organismes oficials o administracions locals.<\/p>\n<p>Despr\u00e9s de l&#8217;acord entre la UE i Turquia, estan en el Mar Mediterrani amb un vaixell medicalitzat de vigil\u00e0ncia i salvament.\u00a0No volen perdre ni una vida m\u00e9s al mar, ni que el mar faci callar les injust\u00edcies que hi succeeixen.<\/p>\n<p>Es diu que simplement salven vides, per\u00f2 no nom\u00e9s es dediquen a aix\u00f2. Han sigut amena\u00e7ats de mort enmig de la Mar Mediterr\u00e0nia pels guardacostes lib\u00edes, han salvat fam\u00edlies senceres, han rescatat milers i milers de persones tirades al mar a les quals estafen&#8230;<\/p>\n<p>Nom\u00e9s demanen col\u00b7laboraci\u00f3 per part de Proactiva Open Arms i tamb\u00e9 difusi\u00f3. Cada gesta que fem dins de les xarxes socials arriba a molt\u00edssima gent.\u00a0 Es necessita ajuda. Si no \u00e9s ara, quan? Si no som nosaltres, qui?<\/p>\n","protected":false},"excerpt":{"rendered":"<p>Avui una volunt\u00e0ria de l\u2019ONG Proactiva Open Arms, creada per Oscar Camps l&#8217;any 2015, ens ha vingut a fer una xerrada. La volunt\u00e0ria es diu Ayelen i acabava&#8230;<\/p>\n","protected":false},"author":79,"featured_media":438,"comment_status":"open","ping_status":"open","sticky":false,"template":"","format":"standard","meta":{"footnotes":""},"categories":[64,1,66],"tags":[72,73],"_links":{"self":[{"href":"https:\/\/institutviladomat.cat\/portfoli\/16laiacantarell\/wp-json\/wp\/v2\/posts\/432"}],"collection":[{"href":"https:\/\/institutviladomat.cat\/portfoli\/16laiacantarell\/wp-json\/wp\/v2\/posts"}],"about":[{"href":"https:\/\/institutviladomat.cat\/portfoli\/16laiacantarell\/wp-json\/wp\/v2\/types\/post"}],"author":[{"embeddable":true,"href":"https:\/\/institutviladomat.cat\/portfoli\/16laiacantarell\/wp-json\/wp\/v2\/users\/79"}],"replies":[{"embeddable":true,"href":"https:\/\/institutviladomat.cat\/portfoli\/16laiacantarell\/wp-json\/wp\/v2\/comments?post=432"}],"version-history":[{"count":4,"href":"https:\/\/institutviladomat.cat\/portfoli\/16laiacantarell\/wp-json\/wp\/v2\/posts\/432\/revisions"}],"predecessor-version":[{"id":442,"href":"https:\/\/institutviladomat.cat\/portfoli\/16laiacantarell\/wp-json\/wp\/v2\/posts\/432\/revisions\/442"}],"wp:featuredmedia":[{"embeddable":true,"href":"https:\/\/institutviladomat.cat\/portfoli\/16laiacantarell\/wp-json\/wp\/v2\/media\/438"}],"wp:attachment":[{"href":"https:\/\/institutviladomat.cat\/portfoli\/16laiacantarell\/wp-json\/wp\/v2\/media?parent=432"}],"wp:term":[{"taxonomy":"category","embeddable":true,"href":"https:\/\/institutviladomat.cat\/portfoli\/16laiacantarell\/wp-json\/wp\/v2\/categories?post=432"},{"taxonomy":"post_tag","embeddable":true,"href":"https:\/\/institutviladomat.cat\/portfoli\/16laiacantarell\/wp-json\/wp\/v2\/tags?post=432"}],"curies":[{"name":"wp","href":"https:\/\/api.w.org\/{rel}","templated":true}]}}