{"id":439,"date":"2018-11-21T15:46:08","date_gmt":"2018-11-21T15:46:08","guid":{"rendered":"http:\/\/institutviladomat.cat\/portfoli\/16laiacantarell\/?p=439"},"modified":"2018-11-25T14:04:38","modified_gmt":"2018-11-25T14:04:38","slug":"el-naufragi-europeu-amb-la-crisi-dels-refugiats","status":"publish","type":"post","link":"https:\/\/institutviladomat.cat\/portfoli\/16laiacantarell\/2018\/11\/21\/el-naufragi-europeu-amb-la-crisi-dels-refugiats\/","title":{"rendered":"El naufragi europeu amb la crisi dels refugiats"},"content":{"rendered":"<p>El dimecres 21, vam veure un documental ofert per TV3 en qu\u00e8 es parlava de la crisi migrat\u00f2ria que est\u00e0 vivint Europa en aquests moments.<\/p>\n<p>L\u2019estiu del 2015, diversos factors van afavorir a l\u2019arribada d\u2019immigrants a Europa, un d\u2019ells, la guerra de S\u00edria. Els sirians es van adonar que la vida al seu pa\u00eds era cada cop m\u00e9s dif\u00edcil, i van decidir emigrar cap a pa\u00efsos ve\u00efns. Per\u00f2 pels que hi buscaven ajuda i refugi, les condicions d\u2019acollida no eren gaire bones, ja que s\u2019estaven principalment en camps o propietats de ciutadans pobres, i aix\u00f2 no els afavoria en recursos. Per aix\u00f2, molts d\u2019ells van decidir emigrar cap a Europa per la seva facilitat d\u2019acc\u00e9s, encara que aix\u00f2 va comportar que els governs, pressionats per la crisi, aixequessin barreres. Tot i aix\u00f2 i que un sol\u00b7licitant d\u2019asil a Alemanya pot arribar a rebre nom\u00e9s menys de 47 euros al mes, la ruta de sortida de S\u00edria amb dest\u00ed a Alemanya, la van rec\u00f3rrer 310.000 persones, xifra que s\u2019afegeix al total de menys de 450.000 refugiats i immigrants que van arribar a la Uni\u00f3 Europea a trav\u00e9s del mar l\u2019any 2015.<\/p>\n<p>Despr\u00e9s es topen amb Hongria, on el govern va construir una tanca de 175 km per evitar l\u2019arribada de refugiats. Primera van construir una tanca d\u20191,5 metres, per\u00f2 en veure que no guanyaven molt, ja que la seva altura era molt redu\u00efda,\u00a0 la van fer m\u00e9s alta, aquesta vegada de 3,5 metres per acabar de tancar la frontera entre S\u00e8rbia i Hongria.<\/p>\n<p>Els que aconsegueixen passar es troben amb les autoritats hongareses, de les quals s&#8217;han d&#8217;amagar i fugir. La seva soluci\u00f3 \u00e9s endinsar-se als camps de blat de moro. Els propietaris els quals estan farts, perqu\u00e8 els hi destrossen la collita.<\/p>\n<p>Els refugiats v\u00e9nen de S\u00edria, per\u00f2 tamb\u00e9 n\u2019hi ha que v\u00e9nen d\u2019\u00c0frica per passar cap a It\u00e0lia a trav\u00e9s del mar Mediterrani. Aix\u00f2 per\u00f2, comporta una s\u00e8rie de perills, fins al punt de qu\u00e8 ONGs com Metges Sense Fronteres o Proactiva Open Arms, ajudin als immigrants.<\/p>\n<p>Les pol\u00edtiques i lleis de la Uni\u00f3 Europea hi s\u00f3n per quasi tot, fins i tot per a fets quotidians, per\u00f2 no hi ha cap llei sobre immigraci\u00f3.<\/p>\n<p>Vinguin del pa\u00eds que vinguin, siguin del pa\u00eds ve\u00ed o de l&#8217;altra punta del m\u00f3n, s\u00f3n persones. S\u00f3n persones que han de tenir els mateixos drets que nosaltres, ning\u00fa \u00e9s superior. Per aconseguir aix\u00f2, s&#8217;hauria de canviar el pensament que tenim cap a ells, per\u00f2 sobretot, s&#8217;haurien de canviar les lleis. Ells van deixar el seu pa\u00eds en el qual tenien un ofici, una fam\u00edlia, una llar, una vida, i han hagut de fugir dels seus pa\u00efsos per poder sobreviure, per buscar una vida millor. Tots aquests milers de persones, no han deixat tota la seva vida enrere per decisi\u00f3 pr\u00f2pia, sin\u00f3 que han estat obligats. Tamb\u00e9 haur\u00edem de reflexionar i posar-nos a la seva pell. Si algun dia ens pass\u00e9s a nosaltres, nosaltres voldr\u00edem ser acollits no? No ens faria gr\u00e0cia que la gent ens fes fora del seu pa\u00eds. Nosaltres voldr\u00edem ser benvinguts. Doncs ells igual!<\/p>\n","protected":false},"excerpt":{"rendered":"<p>El dimecres 21, vam veure un documental ofert per TV3 en qu\u00e8 es parlava de la crisi migrat\u00f2ria que est\u00e0 vivint Europa en aquests moments. L\u2019estiu del 2015,&#8230;<\/p>\n","protected":false},"author":79,"featured_media":443,"comment_status":"open","ping_status":"open","sticky":false,"template":"","format":"standard","meta":{"footnotes":""},"categories":[64,1,66],"tags":[77,72],"_links":{"self":[{"href":"https:\/\/institutviladomat.cat\/portfoli\/16laiacantarell\/wp-json\/wp\/v2\/posts\/439"}],"collection":[{"href":"https:\/\/institutviladomat.cat\/portfoli\/16laiacantarell\/wp-json\/wp\/v2\/posts"}],"about":[{"href":"https:\/\/institutviladomat.cat\/portfoli\/16laiacantarell\/wp-json\/wp\/v2\/types\/post"}],"author":[{"embeddable":true,"href":"https:\/\/institutviladomat.cat\/portfoli\/16laiacantarell\/wp-json\/wp\/v2\/users\/79"}],"replies":[{"embeddable":true,"href":"https:\/\/institutviladomat.cat\/portfoli\/16laiacantarell\/wp-json\/wp\/v2\/comments?post=439"}],"version-history":[{"count":5,"href":"https:\/\/institutviladomat.cat\/portfoli\/16laiacantarell\/wp-json\/wp\/v2\/posts\/439\/revisions"}],"predecessor-version":[{"id":455,"href":"https:\/\/institutviladomat.cat\/portfoli\/16laiacantarell\/wp-json\/wp\/v2\/posts\/439\/revisions\/455"}],"wp:featuredmedia":[{"embeddable":true,"href":"https:\/\/institutviladomat.cat\/portfoli\/16laiacantarell\/wp-json\/wp\/v2\/media\/443"}],"wp:attachment":[{"href":"https:\/\/institutviladomat.cat\/portfoli\/16laiacantarell\/wp-json\/wp\/v2\/media?parent=439"}],"wp:term":[{"taxonomy":"category","embeddable":true,"href":"https:\/\/institutviladomat.cat\/portfoli\/16laiacantarell\/wp-json\/wp\/v2\/categories?post=439"},{"taxonomy":"post_tag","embeddable":true,"href":"https:\/\/institutviladomat.cat\/portfoli\/16laiacantarell\/wp-json\/wp\/v2\/tags?post=439"}],"curies":[{"name":"wp","href":"https:\/\/api.w.org\/{rel}","templated":true}]}}