{"id":507,"date":"2019-01-28T08:31:20","date_gmt":"2019-01-28T08:31:20","guid":{"rendered":"http:\/\/institutviladomat.cat\/portfoli\/16laiacantarell\/?p=507"},"modified":"2019-02-11T07:59:26","modified_gmt":"2019-02-11T07:59:26","slug":"30-de-gener-dia-escolar-de-la-no-violencia-i-la-pau","status":"publish","type":"post","link":"https:\/\/institutviladomat.cat\/portfoli\/16laiacantarell\/2019\/01\/28\/30-de-gener-dia-escolar-de-la-no-violencia-i-la-pau\/","title":{"rendered":"30 de gener: Dia Escolar de la No Viol\u00e8ncia i la Pau"},"content":{"rendered":"\n<p>L&#8217;educaci\u00f3 en i per a la toler\u00e0ncia, la solidaritat, la conc\u00f2rdia, el respecte als Drets Humans, la no-viol\u00e8ncia i la pau s\u00f3n motius per recordar el 30 de gener.&nbsp;En aquest dia, els centres educatius es comprometen com a defensors de la pau i enteniment entre persones de diferent proced\u00e8ncia i maneres de pensar.<\/p>\n\n\n\n<p>En aquest dia se celebra l&#8217;aniversari de la mort del&nbsp;<strong>Mahatma Gandhi<\/strong>&nbsp;(\u00cdndia, 1869-1948), l\u00edder pacifista que va defensar i va promoure la no viol\u00e8ncia i la resist\u00e8ncia pac\u00edfica enfront de la injust\u00edcia i que va ser assassinat per defensar aquestes idees.<\/p>\n\n\n\n<p class=\"wp-block-gdm-google-drive-embedder-viewer\"><iframe width=\"100%\" height=\"400\" frameborder=\"0\" scrolling=\"https:\/\/docs.google.com\/presentation\/d\/13LxNXy2xK73nKmiImUsDUeg4ax6HHgC6brZ-ChIOVrU\/preview?usp=drivesdk\" src=\"https:\/\/docs.google.com\/presentation\/d\/13LxNXy2xK73nKmiImUsDUeg4ax6HHgC6brZ-ChIOVrU\/preview?usp=drivesdk\"><\/iframe>\n","protected":false},"excerpt":{"rendered":"<p>L&#8217;educaci\u00f3 en i per a la toler\u00e0ncia, la solidaritat, la conc\u00f2rdia, el respecte als Drets Humans, la no-viol\u00e8ncia i la pau s\u00f3n motius per recordar el 30 de&#8230;<\/p>\n","protected":false},"author":79,"featured_media":542,"comment_status":"open","ping_status":"open","sticky":false,"template":"","format":"standard","meta":{"footnotes":""},"categories":[1],"tags":[],"_links":{"self":[{"href":"https:\/\/institutviladomat.cat\/portfoli\/16laiacantarell\/wp-json\/wp\/v2\/posts\/507"}],"collection":[{"href":"https:\/\/institutviladomat.cat\/portfoli\/16laiacantarell\/wp-json\/wp\/v2\/posts"}],"about":[{"href":"https:\/\/institutviladomat.cat\/portfoli\/16laiacantarell\/wp-json\/wp\/v2\/types\/post"}],"author":[{"embeddable":true,"href":"https:\/\/institutviladomat.cat\/portfoli\/16laiacantarell\/wp-json\/wp\/v2\/users\/79"}],"replies":[{"embeddable":true,"href":"https:\/\/institutviladomat.cat\/portfoli\/16laiacantarell\/wp-json\/wp\/v2\/comments?post=507"}],"version-history":[{"count":6,"href":"https:\/\/institutviladomat.cat\/portfoli\/16laiacantarell\/wp-json\/wp\/v2\/posts\/507\/revisions"}],"predecessor-version":[{"id":543,"href":"https:\/\/institutviladomat.cat\/portfoli\/16laiacantarell\/wp-json\/wp\/v2\/posts\/507\/revisions\/543"}],"wp:featuredmedia":[{"embeddable":true,"href":"https:\/\/institutviladomat.cat\/portfoli\/16laiacantarell\/wp-json\/wp\/v2\/media\/542"}],"wp:attachment":[{"href":"https:\/\/institutviladomat.cat\/portfoli\/16laiacantarell\/wp-json\/wp\/v2\/media?parent=507"}],"wp:term":[{"taxonomy":"category","embeddable":true,"href":"https:\/\/institutviladomat.cat\/portfoli\/16laiacantarell\/wp-json\/wp\/v2\/categories?post=507"},{"taxonomy":"post_tag","embeddable":true,"href":"https:\/\/institutviladomat.cat\/portfoli\/16laiacantarell\/wp-json\/wp\/v2\/tags?post=507"}],"curies":[{"name":"wp","href":"https:\/\/api.w.org\/{rel}","templated":true}]}}