{"id":547,"date":"2019-02-28T18:42:35","date_gmt":"2019-02-28T18:42:35","guid":{"rendered":"http:\/\/institutviladomat.cat\/portfoli\/16laiacantarell\/?p=547"},"modified":"2019-02-28T21:48:27","modified_gmt":"2019-02-28T21:48:27","slug":"dialectos-del-espanol","status":"publish","type":"post","link":"https:\/\/institutviladomat.cat\/portfoli\/16laiacantarell\/2019\/02\/28\/dialectos-del-espanol\/","title":{"rendered":"DIALECTOS DEL CASTELLANO"},"content":{"rendered":"\n<p>Esta situaci\u00f3n, en castellano, hemos trabajado los dialectos del castellano que hay, tanto en Espa\u00f1a como en Sudam\u00e9rica. Hemos visto diferentes rasgos de algunos dialectos y las variaciones fonol\u00f3gicas m\u00e1s importantes como son el seseo, el ceceo o los ye\u00edsmos. <\/p>\n\n\n\n<p>Hemos tenido que hacer dos trabajos, y consist\u00edan en lo siguiente:<\/p>\n\n\n\n<p>El primero es un v\u00eddeo que recoje diferentes hablantes del espa\u00f1ol, cada uno con su dialecto. En esta actividad cada miembro del grupo ha gravado a dos personas. Nuestro v\u00eddeo en concreto tiene dialectos variados como son: el gallego, el venezolano, el colombiano, el argentino, el vasco, el canario&#8230; La duraci\u00f3n es de 3 minutos. <\/p>\n\n\n\n<p class=\"wp-block-gdm-google-drive-embedder-viewer\"><iframe width=\"100%\" height=\"400\" frameborder=\"0\" scrolling=\"https:\/\/drive.google.com\/a\/institutviladomat.cat\/file\/d\/1rYveMobdgcjHCphwbOd7VVOQfiLi0N1Z\/preview?usp=drivesdk\" src=\"https:\/\/drive.google.com\/a\/institutviladomat.cat\/file\/d\/1rYveMobdgcjHCphwbOd7VVOQfiLi0N1Z\/preview?usp=drivesdk\"><\/iframe><\/p>\n\n\n\n<p>La segunda tarea consist\u00eda en gravarnos a nosotros imitando un dialecto. Cada miembro del grupo escog\u00eda uno diferente y finalmente los hemos unido. Aqu\u00ed hemos hecho lo que hemos podido, pero el resultado no ha sido tan malo. V\u00e9anlo vosotros mismos:<\/p>\n\n\n\n<p class=\"wp-block-gdm-google-drive-embedder-viewer\"><iframe width=\"100%\" height=\"400\" frameborder=\"0\" scrolling=\"https:\/\/drive.google.com\/a\/institutviladomat.cat\/file\/d\/1rGL99NWIBQ-nT-Wyf0ciOh4oU_eSLH7m\/preview?usp=drivesdk\" src=\"https:\/\/drive.google.com\/a\/institutviladomat.cat\/file\/d\/1rGL99NWIBQ-nT-Wyf0ciOh4oU_eSLH7m\/preview?usp=drivesdk\"><\/iframe><\/p>\n","protected":false},"excerpt":{"rendered":"<p>Esta situaci\u00f3n, en castellano, hemos trabajado los dialectos del castellano que hay, tanto en Espa\u00f1a como en Sudam\u00e9rica. Hemos visto diferentes rasgos de algunos dialectos y las variaciones&#8230;<\/p>\n","protected":false},"author":79,"featured_media":550,"comment_status":"open","ping_status":"open","sticky":false,"template":"","format":"standard","meta":{"footnotes":""},"categories":[64,1,68],"tags":[62,108,110,109],"_links":{"self":[{"href":"https:\/\/institutviladomat.cat\/portfoli\/16laiacantarell\/wp-json\/wp\/v2\/posts\/547"}],"collection":[{"href":"https:\/\/institutviladomat.cat\/portfoli\/16laiacantarell\/wp-json\/wp\/v2\/posts"}],"about":[{"href":"https:\/\/institutviladomat.cat\/portfoli\/16laiacantarell\/wp-json\/wp\/v2\/types\/post"}],"author":[{"embeddable":true,"href":"https:\/\/institutviladomat.cat\/portfoli\/16laiacantarell\/wp-json\/wp\/v2\/users\/79"}],"replies":[{"embeddable":true,"href":"https:\/\/institutviladomat.cat\/portfoli\/16laiacantarell\/wp-json\/wp\/v2\/comments?post=547"}],"version-history":[{"count":3,"href":"https:\/\/institutviladomat.cat\/portfoli\/16laiacantarell\/wp-json\/wp\/v2\/posts\/547\/revisions"}],"predecessor-version":[{"id":551,"href":"https:\/\/institutviladomat.cat\/portfoli\/16laiacantarell\/wp-json\/wp\/v2\/posts\/547\/revisions\/551"}],"wp:featuredmedia":[{"embeddable":true,"href":"https:\/\/institutviladomat.cat\/portfoli\/16laiacantarell\/wp-json\/wp\/v2\/media\/550"}],"wp:attachment":[{"href":"https:\/\/institutviladomat.cat\/portfoli\/16laiacantarell\/wp-json\/wp\/v2\/media?parent=547"}],"wp:term":[{"taxonomy":"category","embeddable":true,"href":"https:\/\/institutviladomat.cat\/portfoli\/16laiacantarell\/wp-json\/wp\/v2\/categories?post=547"},{"taxonomy":"post_tag","embeddable":true,"href":"https:\/\/institutviladomat.cat\/portfoli\/16laiacantarell\/wp-json\/wp\/v2\/tags?post=547"}],"curies":[{"name":"wp","href":"https:\/\/api.w.org\/{rel}","templated":true}]}}