{"id":559,"date":"2019-03-04T19:09:03","date_gmt":"2019-03-04T19:09:03","guid":{"rendered":"http:\/\/institutviladomat.cat\/portfoli\/16laiacantarell\/?p=559"},"modified":"2019-03-05T22:22:31","modified_gmt":"2019-03-05T22:22:31","slug":"reforma-i-contrareforma","status":"publish","type":"post","link":"https:\/\/institutviladomat.cat\/portfoli\/16laiacantarell\/2019\/03\/04\/reforma-i-contrareforma\/","title":{"rendered":"REFORMA I CONTRAREFORMA"},"content":{"rendered":"\n<p>A la SA_304 IDENTITATS, en l&#8217;\u00e0mbit social, hem estat treballant la Reforma i la Contrareforma.  Despr\u00e9s de fer diversos treballs sobre el tema, he, hagut de fer una producci\u00f3 final, un audiovisual educatiu. Aquest consistia en explicar aquest complex tema, i recollir les idees principals en un v\u00eddeo. <\/p>\n\n\n\n<p>Pod\u00edem fer servir qualsevol t\u00e8cnica&nbsp;audiovisual: animaci\u00f3,&nbsp;stopmotion, v\u00eddeo-entrevista, animaci\u00f3 interactiva, videoclip musical, etc. Nosaltres v\u00e0rem fer un &#8220;draw my life&#8221;. La durada havia de ser entre 2:30 minuts i 5:00 minuts.<\/p>\n\n\n\n<p>Explicar un tema com aquest en dibuixos, no \u00e9s feina senzilla. Tot i aix\u00f2, vam decidir fer-lo, i va quedar molt b\u00e9. A l&#8217;hora d&#8217;ajuntar i editar els v\u00eddeos, vam tenir certs problemes, aquests van impedir que ens quedes com nosaltres vol\u00edem, i va sortir un v\u00eddeo que quedava lluny de les nostres expectatives. No vam poder editar els v\u00eddeos, perqu\u00e8 cap editor ens detectava ni ens els deixava pujar. Despr\u00e9s d&#8217;intentar-ho amb diferents editors i port\u00e0tils, vam intentar buscar una soluci\u00f3. L&#8217;\u00fanica que vam trobar, va ser fer captures als dibuixos acabats. Aix\u00f2 va fer que el v\u00eddeo no fos did\u00e0ctic ni entretingut, per\u00f2 vam preferir aix\u00f2, que no entregar res i treure un 0.<\/p>\n\n\n\n<p>Respecte al treball, vam haver de treballar de valent. Primer vam posar les idees principals en un document, i a continuaci\u00f3 les vam redactar. Aquest gui\u00f3 el vam fer amb ajuda de l&#8217;esquema fet a classe i dels coneixements obtinguts a les classes anteriors. En el v\u00eddeo, fem una petita introducci\u00f3, per situar a la gent a principis del segle XVI. Despr\u00e9s expliquem la Reforma i la Contrareforma. Tamb\u00e9 el Luteranisme i la seva expansi\u00f3, el Calvinisme i la seva successora, l&#8217;Anglicanisme, la Companyia de Jes\u00fas, el Concili de Trento i finalment de l\u2019<em>Index Librorum Prohibitorum<\/em> i la Santa Inquisici\u00f3. <\/p>\n\n\n\n<p>Vam aconseguir recollir les principals caracter\u00edstiques en 4:38 minuts de v\u00eddeo. <\/p>\n\n\n\n<p class=\"wp-block-gdm-google-drive-embedder-viewer\"><iframe width=\"100%\" height=\"400\" frameborder=\"0\" scrolling=\"https:\/\/drive.google.com\/a\/institutviladomat.cat\/file\/d\/1DxaCSN5rX_shPrWsOX3ftPIalvZCZQHw\/preview?usp=drivesdk\" src=\"https:\/\/drive.google.com\/a\/institutviladomat.cat\/file\/d\/1DxaCSN5rX_shPrWsOX3ftPIalvZCZQHw\/preview?usp=drivesdk\"><\/iframe><\/p>\n\n\n\n<p>En conclusi\u00f3, crec que podr\u00edem haver fet un treball de 9-10, per\u00f2 a causa de tots els impediments i problemes que vam tenir, ens mereixem un notable.<\/p>\n\n\n\n<p>A classe tamb\u00e9 vam veure els treballs dels altres grups, i el que m\u00e9s em va agradar va ser el del grup 1, va fer un molt bon treball. Van fer un &#8220;draw my life&#8221;, com nosaltres, per\u00f2 ells van poder-lo editar b\u00e9. Em va agradar molt la idea de fer-ho a llapis i en el v\u00eddeo passar-ho a pilot, crec que ha sigut molt ingeni\u00f3s. A m\u00e9s a m\u00e9s, els dibuixos estaven molt ben fets i els tocs de color, amb el retolador vermell, li donava color, alegria i dinamisme al v\u00eddeo. Crec que estava prou ben redactat i els dibuixos complementaven molt b\u00e9 l&#8217;explicaci\u00f3. Pel meu gust i el meu entendre, crec que \u00e9s un treball molt treballat i ben executat.  <\/p>\n","protected":false},"excerpt":{"rendered":"<p>A la SA_304 IDENTITATS, en l&#8217;\u00e0mbit social, hem estat treballant la Reforma i la Contrareforma. Despr\u00e9s de fer diversos treballs sobre el tema, he, hagut de fer una&#8230;<\/p>\n","protected":false},"author":79,"featured_media":567,"comment_status":"open","ping_status":"open","sticky":false,"template":"","format":"standard","meta":{"footnotes":""},"categories":[64,1,68],"tags":[113,111,114,112,39],"_links":{"self":[{"href":"https:\/\/institutviladomat.cat\/portfoli\/16laiacantarell\/wp-json\/wp\/v2\/posts\/559"}],"collection":[{"href":"https:\/\/institutviladomat.cat\/portfoli\/16laiacantarell\/wp-json\/wp\/v2\/posts"}],"about":[{"href":"https:\/\/institutviladomat.cat\/portfoli\/16laiacantarell\/wp-json\/wp\/v2\/types\/post"}],"author":[{"embeddable":true,"href":"https:\/\/institutviladomat.cat\/portfoli\/16laiacantarell\/wp-json\/wp\/v2\/users\/79"}],"replies":[{"embeddable":true,"href":"https:\/\/institutviladomat.cat\/portfoli\/16laiacantarell\/wp-json\/wp\/v2\/comments?post=559"}],"version-history":[{"count":3,"href":"https:\/\/institutviladomat.cat\/portfoli\/16laiacantarell\/wp-json\/wp\/v2\/posts\/559\/revisions"}],"predecessor-version":[{"id":568,"href":"https:\/\/institutviladomat.cat\/portfoli\/16laiacantarell\/wp-json\/wp\/v2\/posts\/559\/revisions\/568"}],"wp:featuredmedia":[{"embeddable":true,"href":"https:\/\/institutviladomat.cat\/portfoli\/16laiacantarell\/wp-json\/wp\/v2\/media\/567"}],"wp:attachment":[{"href":"https:\/\/institutviladomat.cat\/portfoli\/16laiacantarell\/wp-json\/wp\/v2\/media?parent=559"}],"wp:term":[{"taxonomy":"category","embeddable":true,"href":"https:\/\/institutviladomat.cat\/portfoli\/16laiacantarell\/wp-json\/wp\/v2\/categories?post=559"},{"taxonomy":"post_tag","embeddable":true,"href":"https:\/\/institutviladomat.cat\/portfoli\/16laiacantarell\/wp-json\/wp\/v2\/tags?post=559"}],"curies":[{"name":"wp","href":"https:\/\/api.w.org\/{rel}","templated":true}]}}