{"id":569,"date":"2019-01-15T13:20:05","date_gmt":"2019-01-15T13:20:05","guid":{"rendered":"http:\/\/institutviladomat.cat\/portfoli\/16laiacantarell\/?p=569"},"modified":"2019-03-15T13:24:59","modified_gmt":"2019-03-15T13:24:59","slug":"569","status":"publish","type":"post","link":"https:\/\/institutviladomat.cat\/portfoli\/16laiacantarell\/2019\/01\/15\/569\/","title":{"rendered":"LA CASA DE PAPEL"},"content":{"rendered":"\n<p>Si s\u00f3c sincera, al principi pensava que la gent exagerava quan deia que li encantava aquesta s\u00e8rie, ja que pensava que era un simple atrac. Aix\u00f2 si, vaig canviar d&#8217;opini\u00f3 en el primer cap\u00edtol!<\/p>\n\n\n\n<p>La casa de paper \u00e9s una s\u00e8rie espanyola estrenada el 2017 que t\u00e9 molta intriga i una mica d&#8217;humor negre. Vuit lladres prenen ostatges a la Casa Reial de la Moneda de Moneda espanyola, mentre que un geni criminal, el professor, manipula a la policia per dur a terme el seu pla. El m\u00e9s estrany \u00e9s que atraquen al banc, per\u00f2 no roben diners.  <\/p>\n\n\n\n<p>La primera temporada t\u00e9 13 cap\u00edtols de 50 minuts. La s\u00e8rie est\u00e0 narrada en primera persona per la T\u00f2quio, una noia que \u00e9s buscada per la policia i reclutada pel professor per realitzar el robatori m\u00e9s gran de la hist\u00f2ria.&nbsp;<\/p>\n\n\n\n<figure class=\"wp-block-image\"><img decoding=\"async\" src=\"https:\/\/steemitimages.com\/640x0\/https:\/\/steemitimages.com\/DQmXbRRxnEDfq51DsM4NbDQgvejS6cTuxUtYE9QzqzxCdKE\/58.jpg\" alt=\"58.jpg\" \/><\/figure>\n\n\n\n<p>Al final acabes agafant carinyo amb tots els personatges, ja que van explicant una miqueta de la vida de cada un. Si hagu\u00e9s de triar el meu personatge preferit, seria el professor, simplement perqu\u00e8 \u00e9s un geni. En canvi, si hagu\u00e9s d&#8217;escollir el personatge que em representi m\u00e9s, clarament seria la T\u00f2quio, ja que m&#8217;he sentit identificada en molts moments. <\/p>\n\n\n\n<p>Us juro que si la veieu, m&#8217;agraireu aquesta recomanaci\u00f3, ja que no podreu deixar de pensar en qu\u00e8 va passar, i us acabareu enganxant. Ja est\u00e0 a Netflix la segona temporada completa, ara ja estan rodant la 3a temporada. Si no hi ha cap problema, s&#8217;estrenar\u00e0 el novembre de 2019.<\/p>\n\n\n\n<p>Espero que us agradi tant com a mi!<\/p>\n","protected":false},"excerpt":{"rendered":"<p>Si s\u00f3c sincera, al principi pensava que la gent exagerava quan deia que li encantava aquesta s\u00e8rie, ja que pensava que era un simple atrac. Aix\u00f2 si, vaig&#8230;<\/p>\n","protected":false},"author":79,"featured_media":575,"comment_status":"open","ping_status":"open","sticky":false,"template":"","format":"standard","meta":{"footnotes":""},"categories":[115],"tags":[],"_links":{"self":[{"href":"https:\/\/institutviladomat.cat\/portfoli\/16laiacantarell\/wp-json\/wp\/v2\/posts\/569"}],"collection":[{"href":"https:\/\/institutviladomat.cat\/portfoli\/16laiacantarell\/wp-json\/wp\/v2\/posts"}],"about":[{"href":"https:\/\/institutviladomat.cat\/portfoli\/16laiacantarell\/wp-json\/wp\/v2\/types\/post"}],"author":[{"embeddable":true,"href":"https:\/\/institutviladomat.cat\/portfoli\/16laiacantarell\/wp-json\/wp\/v2\/users\/79"}],"replies":[{"embeddable":true,"href":"https:\/\/institutviladomat.cat\/portfoli\/16laiacantarell\/wp-json\/wp\/v2\/comments?post=569"}],"version-history":[{"count":5,"href":"https:\/\/institutviladomat.cat\/portfoli\/16laiacantarell\/wp-json\/wp\/v2\/posts\/569\/revisions"}],"predecessor-version":[{"id":578,"href":"https:\/\/institutviladomat.cat\/portfoli\/16laiacantarell\/wp-json\/wp\/v2\/posts\/569\/revisions\/578"}],"wp:featuredmedia":[{"embeddable":true,"href":"https:\/\/institutviladomat.cat\/portfoli\/16laiacantarell\/wp-json\/wp\/v2\/media\/575"}],"wp:attachment":[{"href":"https:\/\/institutviladomat.cat\/portfoli\/16laiacantarell\/wp-json\/wp\/v2\/media?parent=569"}],"wp:term":[{"taxonomy":"category","embeddable":true,"href":"https:\/\/institutviladomat.cat\/portfoli\/16laiacantarell\/wp-json\/wp\/v2\/categories?post=569"},{"taxonomy":"post_tag","embeddable":true,"href":"https:\/\/institutviladomat.cat\/portfoli\/16laiacantarell\/wp-json\/wp\/v2\/tags?post=569"}],"curies":[{"name":"wp","href":"https:\/\/api.w.org\/{rel}","templated":true}]}}