{"id":596,"date":"2019-04-08T07:43:45","date_gmt":"2019-04-08T07:43:45","guid":{"rendered":"http:\/\/institutviladomat.cat\/portfoli\/16laiacantarell\/?p=596"},"modified":"2019-04-08T08:01:00","modified_gmt":"2019-04-08T08:01:00","slug":"jo-decideixo","status":"publish","type":"post","link":"https:\/\/institutviladomat.cat\/portfoli\/16laiacantarell\/2019\/04\/08\/jo-decideixo\/","title":{"rendered":"Jo decideixo!"},"content":{"rendered":"\n<p>L\u2019objectiu d\u2019aquesta activitat \u00e9s conscienciar-nos de qu\u00e8 tota decisi\u00f3 t\u00e9 les seves conseq\u00fc\u00e8ncies i, per tant, que hem d\u2019estar preparats\/des per prendre decisions aut\u00f2nomes i responsables enfront de situacions que poden ocasionar un risc per a la nostra salut o la dels altres. <\/p>\n\n\n\n<div class=\"wp-block-image\"><figure class=\"alignright\"><img decoding=\"async\" loading=\"lazy\" width=\"214\" height=\"236\" src=\"http:\/\/institutviladomat.cat\/portfoli\/16laiacantarell\/wp-content\/uploads\/sites\/77\/2019\/04\/image.jpeg\" alt=\"\" class=\"wp-image-599\" \/><\/figure><\/div>\n\n\n\n<p>A la vida ens trobem constantment en situacions en les quals \u00e9s necessari que prenguem una decisi\u00f3. Per tal que et sigui m\u00e9s f\u00e0cil prendre-la et plantegem un possible m\u00e8tode per estar m\u00e9s segur\/a de qu\u00e8 la nostra decisi\u00f3 \u00e9s la m\u00e9s apropiada. <\/p>\n\n\n\n<p><\/p>\n\n\n\n<p>1. Pensem en la situaci\u00f3 que se\u2019ns planteja.<\/p>\n\n\n\n<p> 2. Pensem en totes les possibles alternatives tenint en compte els pros i contres que comporta cadascuna de les decisions (si pot ser, recull informaci\u00f3 rigorosa al respecte). <\/p>\n\n\n\n<p>3. Procurem prendre la millor decisi\u00f3, en el moment concret, dintre del possible. <\/p>\n\n\n\n<p>4. Valorem les conseq\u00fc\u00e8ncies reals de la decisi\u00f3 presa. <\/p>\n\n\n\n<p>5. Finalment assumim les responsabilitats. <br><\/p>\n\n\n\n<p><strong>Inici:<\/strong> Divendres <\/p>\n\n\n\n<p>\u00c9s un divendres qualsevol d\u2019una setmana corrent. Han acabat les classes i tinc ganes de passar-m\u2019ho genial. El vespre se\u2019m presenta amb diferents opcions de diversi\u00f3. S\u00f3c la protagonista d\u2019aquesta hist\u00f2ria i haig de triar qu\u00e8 vull fer en les diferents situacions que se\u2019m proposen. <\/p>\n\n\n\n<div class=\"wp-block-image\"><figure class=\"alignleft is-resized\"><img decoding=\"async\" loading=\"lazy\" src=\"https:\/\/www.abc.es\/media\/deportes\/2018\/03\/12\/futbol-femenino-cantera-kiHB--620x349@abc.jpg\" alt=\"Resultat d'imatges de entrenamiento de futbol femenino\" width=\"238\" height=\"134\" \/><\/figure><\/div>\n\n\n\n<p>He decidit quedar amb el meu grup per fer alguna activitat de les que m\u00e9s ens agraden, jugar a futbol. Hem estat 2 llargues hores entrenant, ha sigut una activitat molt entretinguda i m&#8217;ho he passat molt b\u00e9, com de costum. Sempre que fem alguna cosa totes juntes \u00e9s un no parar de riure i el temps passa volant. Ja s\u00f3n les 22h i decidim anar a sopar totes juntes a una granja-cafeteria que hi ha all\u00e0 a la vora. <\/p>\n\n\n\n<div class=\"wp-block-image\"><figure class=\"alignright is-resized\"><img decoding=\"async\" loading=\"lazy\" src=\"https:\/\/bocateriatandem.com\/wp-content\/uploads\/2016\/10\/tapas-valencia-centro-ayuntamiento-lonja-paella-bocata2-copia.jpg\" alt=\"Resultat d'imatges de bocata y refresco\" width=\"235\" height=\"154\" \/><\/figure><\/div>\n\n\n\n<p>Estem sopant amb entrepans, patates fregides i refrescos. S&#8217;est\u00e0 fent tard i acordem marxar en 20 minuts. En aquell moment entra el grup m\u00e9s popular de la classe acompanyat de nois i noies m\u00e9s grans. Nosaltres continuem a la nostra taula per\u00f2 de sobte, una de les noies (la Laura) li demana una cervesa al cambrer i li ensenya el carnet d\u2019identitat. <\/p>\n\n\n\n<div class=\"wp-block-image\"><figure class=\"alignleft is-resized\"><img decoding=\"async\" loading=\"lazy\" src=\"http:\/\/www.sardegnaoggi.it\/fotografie\/14112_650_320_dy_Birra_a_fiumi_e_per_tutti_A_giugno_weekend_di_festa_tra_le_bionde_artigianali_a_Quartu.jpg\" alt=\"Imatge relacionada\" width=\"207\" height=\"155\" \/><\/figure><\/div>\n\n\n\n<p>Alguns\/es del grup han comen\u00e7at a beure de la cervesa mentre canten la can\u00e7\u00f3 d\u2019aniversari. Nosaltres hem de marxar i ens aixequem de la taula, en passar pel costat de l\u2019altre grup un noi de la classe ens ofereix cervesa. Totes rebutgem l\u2019oferiment per\u00f2 ell continua insistint dient-nos que hem de celebrar que la Laura avui ha fet els 18 anys\u2026  Nosaltres, amablement, la tornem a rebutjar. Ell, per\u00f2, no es cansa d&#8217;insistir. Finalment li deixem clar que no bevem, per tornar a rebutjar el seu oferiment. Ell sembla que ho ent\u00e9n i finalment ens acomiadem i marxem cap a casa.<\/p>\n\n\n\n<p>Ha sigut un dia molt entretingut i divertit, per\u00f2 tamb\u00e9 llarg. Tot i aix\u00f2, decidim acabar de rematar el dia, i ens n&#8217;anem totes a dormir a casa de la Gina. Ha estat un divendres molt complet.<\/p>\n","protected":false},"excerpt":{"rendered":"<p>L\u2019objectiu d\u2019aquesta activitat \u00e9s conscienciar-nos de qu\u00e8 tota decisi\u00f3 t\u00e9 les seves conseq\u00fc\u00e8ncies i, per tant, que hem d\u2019estar preparats\/des per prendre decisions aut\u00f2nomes i responsables enfront de&#8230;<\/p>\n","protected":false},"author":79,"featured_media":601,"comment_status":"open","ping_status":"open","sticky":false,"template":"","format":"standard","meta":{"footnotes":""},"categories":[64,1,20],"tags":[54,128,127],"_links":{"self":[{"href":"https:\/\/institutviladomat.cat\/portfoli\/16laiacantarell\/wp-json\/wp\/v2\/posts\/596"}],"collection":[{"href":"https:\/\/institutviladomat.cat\/portfoli\/16laiacantarell\/wp-json\/wp\/v2\/posts"}],"about":[{"href":"https:\/\/institutviladomat.cat\/portfoli\/16laiacantarell\/wp-json\/wp\/v2\/types\/post"}],"author":[{"embeddable":true,"href":"https:\/\/institutviladomat.cat\/portfoli\/16laiacantarell\/wp-json\/wp\/v2\/users\/79"}],"replies":[{"embeddable":true,"href":"https:\/\/institutviladomat.cat\/portfoli\/16laiacantarell\/wp-json\/wp\/v2\/comments?post=596"}],"version-history":[{"count":2,"href":"https:\/\/institutviladomat.cat\/portfoli\/16laiacantarell\/wp-json\/wp\/v2\/posts\/596\/revisions"}],"predecessor-version":[{"id":600,"href":"https:\/\/institutviladomat.cat\/portfoli\/16laiacantarell\/wp-json\/wp\/v2\/posts\/596\/revisions\/600"}],"wp:featuredmedia":[{"embeddable":true,"href":"https:\/\/institutviladomat.cat\/portfoli\/16laiacantarell\/wp-json\/wp\/v2\/media\/601"}],"wp:attachment":[{"href":"https:\/\/institutviladomat.cat\/portfoli\/16laiacantarell\/wp-json\/wp\/v2\/media?parent=596"}],"wp:term":[{"taxonomy":"category","embeddable":true,"href":"https:\/\/institutviladomat.cat\/portfoli\/16laiacantarell\/wp-json\/wp\/v2\/categories?post=596"},{"taxonomy":"post_tag","embeddable":true,"href":"https:\/\/institutviladomat.cat\/portfoli\/16laiacantarell\/wp-json\/wp\/v2\/tags?post=596"}],"curies":[{"name":"wp","href":"https:\/\/api.w.org\/{rel}","templated":true}]}}