{"id":677,"date":"2020-03-13T17:33:12","date_gmt":"2020-03-13T17:33:12","guid":{"rendered":"http:\/\/institutviladomat.cat\/portfoli\/16laiacantarell\/?p=677"},"modified":"2020-03-13T17:33:12","modified_gmt":"2020-03-13T17:33:12","slug":"30-de-gener-dia-de-la-pau","status":"publish","type":"post","link":"https:\/\/institutviladomat.cat\/portfoli\/16laiacantarell\/2020\/03\/13\/30-de-gener-dia-de-la-pau\/","title":{"rendered":"30 de gener, dia de la Pau"},"content":{"rendered":"\n<p>El passat 30 de gener va ser el Dia de la No-viol\u00e8ncia i la Pau coincidint, com sempre amb l\u2019aniversari de la mort de Mahatma Gandhi l\u2019any 1948. Per aix\u00f2, vam parlar-ne a tutoria. Primer de tot, vam escoltar una can\u00e7\u00f3 per als drets humans anomenada \u201cUn m\u00f3n per a les persones\u201d. Aquesta \u00e9s una can\u00e7\u00f3 solid\u00e0ria que parla dels refugiats i de lluitar pels seus drets. \u00c9s una manera de defensar els seus drets.<\/p>\n\n\n\n<p>Aquesta \u00e9s la llista dels drets humans publicada per l\u2019ONU<\/p>\n\n\n\n<ul><li>Dret a la igualtat, sense distinci\u00f3 de ra\u00e7a, religi\u00f3 o nacionalitat.<\/li><li>Dret a una protecci\u00f3 especial que asseguri un creixement mental i social sa i lliure.<\/li><li>Dret a un nom i a una nacionalitat.<\/li><li>Dret a una alimentaci\u00f3, habitatge i atenci\u00f3 m\u00e8dica adequats.<\/li><li>Dret a una educaci\u00f3 i atenci\u00f3 especials per als infants f\u00edsicament o mentalment disminu\u00efts.<\/li><li>Dret a comprensi\u00f3 i afecte per part de les fam\u00edlies i de la societat.<\/li><li>Dret a l\u2019educaci\u00f3 gratu\u00efta. Dret a divertir-se i a jugar.<\/li><li>Dret a atenci\u00f3 i ajuda preferents en cas de perill .<\/li><li>Dret a protecci\u00f3 contra l\u2019abandonament i l\u2019explotaci\u00f3 en el treball.<\/li><li>Dret a rebre una educaci\u00f3 que fomenti la solidaritat, l\u2019amistat i la just\u00edcia entre tothom.<\/li><\/ul>\n","protected":false},"excerpt":{"rendered":"<p>El passat 30 de gener va ser el Dia de la No-viol\u00e8ncia i la Pau coincidint, com sempre amb l\u2019aniversari de la mort de Mahatma Gandhi l\u2019any 1948&#8230;.<\/p>\n","protected":false},"author":79,"featured_media":678,"comment_status":"open","ping_status":"open","sticky":false,"template":"","format":"standard","meta":{"footnotes":""},"categories":[1],"tags":[149,150],"_links":{"self":[{"href":"https:\/\/institutviladomat.cat\/portfoli\/16laiacantarell\/wp-json\/wp\/v2\/posts\/677"}],"collection":[{"href":"https:\/\/institutviladomat.cat\/portfoli\/16laiacantarell\/wp-json\/wp\/v2\/posts"}],"about":[{"href":"https:\/\/institutviladomat.cat\/portfoli\/16laiacantarell\/wp-json\/wp\/v2\/types\/post"}],"author":[{"embeddable":true,"href":"https:\/\/institutviladomat.cat\/portfoli\/16laiacantarell\/wp-json\/wp\/v2\/users\/79"}],"replies":[{"embeddable":true,"href":"https:\/\/institutviladomat.cat\/portfoli\/16laiacantarell\/wp-json\/wp\/v2\/comments?post=677"}],"version-history":[{"count":1,"href":"https:\/\/institutviladomat.cat\/portfoli\/16laiacantarell\/wp-json\/wp\/v2\/posts\/677\/revisions"}],"predecessor-version":[{"id":679,"href":"https:\/\/institutviladomat.cat\/portfoli\/16laiacantarell\/wp-json\/wp\/v2\/posts\/677\/revisions\/679"}],"wp:featuredmedia":[{"embeddable":true,"href":"https:\/\/institutviladomat.cat\/portfoli\/16laiacantarell\/wp-json\/wp\/v2\/media\/678"}],"wp:attachment":[{"href":"https:\/\/institutviladomat.cat\/portfoli\/16laiacantarell\/wp-json\/wp\/v2\/media?parent=677"}],"wp:term":[{"taxonomy":"category","embeddable":true,"href":"https:\/\/institutviladomat.cat\/portfoli\/16laiacantarell\/wp-json\/wp\/v2\/categories?post=677"},{"taxonomy":"post_tag","embeddable":true,"href":"https:\/\/institutviladomat.cat\/portfoli\/16laiacantarell\/wp-json\/wp\/v2\/tags?post=677"}],"curies":[{"name":"wp","href":"https:\/\/api.w.org\/{rel}","templated":true}]}}