{"id":169,"date":"2017-05-19T10:03:34","date_gmt":"2017-05-19T10:03:34","guid":{"rendered":"http:\/\/institutviladomat.cat\/portfoli\/16maidaayyaz\/?p=169"},"modified":"2017-05-19T10:03:34","modified_gmt":"2017-05-19T10:03:34","slug":"via-sepulcral-de-la-placa-vila-de-madrid","status":"publish","type":"post","link":"https:\/\/institutviladomat.cat\/portfoli\/16maidaayyaz\/2017\/05\/19\/via-sepulcral-de-la-placa-vila-de-madrid\/","title":{"rendered":"Via sepulcral de la pla\u00e7a Vila de Madrid."},"content":{"rendered":"<p>&nbsp;<\/p>\n<p>La Via Sepulcral Romana, que es troba a l&#8217;actual pla\u00e7a de la Vila de Madrid, correspon a un vial secundari que comunicava la col\u00f2nia Barcino amb l&#8217;actual zona de Sarri\u00e0 i que tenia, a banda i banda, enterraments de persones de les classes populars dels segles I a III de la nostra era.<\/p>\n<p>\u00c9s un cementeri que se situava als voltants de Barcino perqu\u00e8 la llei impedia que estiguis fora de la ciutat.<\/p>\n<p>Elv\u00eddeos:\u00a0<a href=\"https:\/\/drive.google.com\/drive\/folders\/0B8KbrwEdBD5SbkplaXRjRkNuam8\">https:https:\/\/drive.google.com\/drive\/folders\/0B8KbrwEdBD5SbkplaXRjRkNuam8<\/a><\/p>\n<p><img decoding=\"async\" loading=\"lazy\" class=\"alignnone size-medium wp-image-170\" src=\"http:\/\/institutviladomat.cat\/portfoli\/16maidaayyaz\/wp-content\/uploads\/sites\/69\/2017\/05\/vsr_21-300x225.jpg\" alt=\"\" width=\"300\" height=\"225\" srcset=\"https:\/\/institutviladomat.cat\/portfoli\/16maidaayyaz\/wp-content\/uploads\/sites\/69\/2017\/05\/vsr_21-300x225.jpg 300w, https:\/\/institutviladomat.cat\/portfoli\/16maidaayyaz\/wp-content\/uploads\/sites\/69\/2017\/05\/vsr_21-768x576.jpg 768w, https:\/\/institutviladomat.cat\/portfoli\/16maidaayyaz\/wp-content\/uploads\/sites\/69\/2017\/05\/vsr_21-1024x768.jpg 1024w, https:\/\/institutviladomat.cat\/portfoli\/16maidaayyaz\/wp-content\/uploads\/sites\/69\/2017\/05\/vsr_21-973x730.jpg 973w, https:\/\/institutviladomat.cat\/portfoli\/16maidaayyaz\/wp-content\/uploads\/sites\/69\/2017\/05\/vsr_21-508x381.jpg 508w, https:\/\/institutviladomat.cat\/portfoli\/16maidaayyaz\/wp-content\/uploads\/sites\/69\/2017\/05\/vsr_21.jpg 2048w\" sizes=\"(max-width: 300px) 100vw, 300px\" \/><\/p>\n","protected":false},"excerpt":{"rendered":"<p>&nbsp; La Via Sepulcral Romana, que es troba a l&#8217;actual pla\u00e7a de la Vila de Madrid, correspon a un vial secundari que comunicava la col\u00f2nia Barcino amb l&#8217;actual&#8230;<\/p>\n","protected":false},"author":71,"featured_media":170,"comment_status":"open","ping_status":"open","sticky":false,"template":"","format":"standard","meta":{"footnotes":""},"categories":[11],"tags":[],"_links":{"self":[{"href":"https:\/\/institutviladomat.cat\/portfoli\/16maidaayyaz\/wp-json\/wp\/v2\/posts\/169"}],"collection":[{"href":"https:\/\/institutviladomat.cat\/portfoli\/16maidaayyaz\/wp-json\/wp\/v2\/posts"}],"about":[{"href":"https:\/\/institutviladomat.cat\/portfoli\/16maidaayyaz\/wp-json\/wp\/v2\/types\/post"}],"author":[{"embeddable":true,"href":"https:\/\/institutviladomat.cat\/portfoli\/16maidaayyaz\/wp-json\/wp\/v2\/users\/71"}],"replies":[{"embeddable":true,"href":"https:\/\/institutviladomat.cat\/portfoli\/16maidaayyaz\/wp-json\/wp\/v2\/comments?post=169"}],"version-history":[{"count":1,"href":"https:\/\/institutviladomat.cat\/portfoli\/16maidaayyaz\/wp-json\/wp\/v2\/posts\/169\/revisions"}],"predecessor-version":[{"id":171,"href":"https:\/\/institutviladomat.cat\/portfoli\/16maidaayyaz\/wp-json\/wp\/v2\/posts\/169\/revisions\/171"}],"wp:featuredmedia":[{"embeddable":true,"href":"https:\/\/institutviladomat.cat\/portfoli\/16maidaayyaz\/wp-json\/wp\/v2\/media\/170"}],"wp:attachment":[{"href":"https:\/\/institutviladomat.cat\/portfoli\/16maidaayyaz\/wp-json\/wp\/v2\/media?parent=169"}],"wp:term":[{"taxonomy":"category","embeddable":true,"href":"https:\/\/institutviladomat.cat\/portfoli\/16maidaayyaz\/wp-json\/wp\/v2\/categories?post=169"},{"taxonomy":"post_tag","embeddable":true,"href":"https:\/\/institutviladomat.cat\/portfoli\/16maidaayyaz\/wp-json\/wp\/v2\/tags?post=169"}],"curies":[{"name":"wp","href":"https:\/\/api.w.org\/{rel}","templated":true}]}}