{"id":182,"date":"2017-05-19T11:03:02","date_gmt":"2017-05-19T11:03:02","guid":{"rendered":"http:\/\/institutviladomat.cat\/portfoli\/16maidaayyaz\/?p=182"},"modified":"2017-05-19T11:03:02","modified_gmt":"2017-05-19T11:03:02","slug":"temple-daugust","status":"publish","type":"post","link":"https:\/\/institutviladomat.cat\/portfoli\/16maidaayyaz\/2017\/05\/19\/temple-daugust\/","title":{"rendered":"Temple d&#8217;August"},"content":{"rendered":"<p style=\"text-align: left\">El <b>temple d&#8217;August de Barcelona<\/b> fou un temple rom\u00e0\u00a0dedicat al culte d&#8217;August, que seria amb el pas del temps la ciutat de Barcelona.\u00a0Fou la part central del f\u00f2rum\u00a0al cim del mont T\u00e0ber.\u00a0&#8216;exist\u00e8ncia d&#8217;aquestes columnes \u00e9s documentada des del segle\u00a0<span title=\"Nombre\u00a0escrit en xifres romanes\">xiv<\/span> i, amb m\u00e9s certesa, d&#8217;en\u00e7\u00e0 el segle XV. Diversos autors s&#8217;hi referiren, i en donaren les interpretacions m\u00e9s variades, des de les que consideraven que formaven part de la tomba del llegendari rei Hispan, de la <strong>d&#8217;H\u00e8rcules o d&#8217;<b>Ata\u00fcl<\/b><br \/>\n,<\/strong> fins a les que les feien part d&#8217;un aq\u00fceducte que portava aigua a la ciutat.<\/p>\n<div id=\"bodyContent\" class=\"mw-body-content\">\n<div id=\"jump-to-nav\" class=\"mw-jump\"><\/div>\n<div id=\"mw-content-text\" class=\"mw-content-ltr\" dir=\"ltr\" lang=\"ca\">\n<div class=\"noprint\"><\/div>\n<\/div>\n<\/div>\n<p style=\"text-align: left\">V\u00eddeo<\/p>\n<p style=\"text-align: left\"><a href=\"https:\/\/drive.google.com\/drive\/folders\/0B8KbrwEdBD5SbkplaXRjRkNuam8\">https:\/\/drive.google.com\/drive\/folders\/0B8KbrwEdBD5SbkplaXRjRkNuam8<\/a><\/p>\n<p style=\"text-align: left\"><strong><img decoding=\"async\" loading=\"lazy\" class=\"alignnone  wp-image-184\" src=\"http:\/\/institutviladomat.cat\/portfoli\/16maidaayyaz\/wp-content\/uploads\/sites\/69\/2017\/05\/columnes-romanes-barcelona-225x300.jpg\" alt=\"\" width=\"191\" height=\"252\" \/><\/strong><\/p>\n","protected":false},"excerpt":{"rendered":"<p>El temple d&#8217;August de Barcelona fou un temple rom\u00e0\u00a0dedicat al culte d&#8217;August, que seria amb el pas del temps la ciutat de Barcelona.\u00a0Fou la part central del f\u00f2rum\u00a0al&#8230;<\/p>\n","protected":false},"author":71,"featured_media":184,"comment_status":"open","ping_status":"open","sticky":false,"template":"","format":"standard","meta":{"footnotes":""},"categories":[11],"tags":[],"_links":{"self":[{"href":"https:\/\/institutviladomat.cat\/portfoli\/16maidaayyaz\/wp-json\/wp\/v2\/posts\/182"}],"collection":[{"href":"https:\/\/institutviladomat.cat\/portfoli\/16maidaayyaz\/wp-json\/wp\/v2\/posts"}],"about":[{"href":"https:\/\/institutviladomat.cat\/portfoli\/16maidaayyaz\/wp-json\/wp\/v2\/types\/post"}],"author":[{"embeddable":true,"href":"https:\/\/institutviladomat.cat\/portfoli\/16maidaayyaz\/wp-json\/wp\/v2\/users\/71"}],"replies":[{"embeddable":true,"href":"https:\/\/institutviladomat.cat\/portfoli\/16maidaayyaz\/wp-json\/wp\/v2\/comments?post=182"}],"version-history":[{"count":1,"href":"https:\/\/institutviladomat.cat\/portfoli\/16maidaayyaz\/wp-json\/wp\/v2\/posts\/182\/revisions"}],"predecessor-version":[{"id":185,"href":"https:\/\/institutviladomat.cat\/portfoli\/16maidaayyaz\/wp-json\/wp\/v2\/posts\/182\/revisions\/185"}],"wp:featuredmedia":[{"embeddable":true,"href":"https:\/\/institutviladomat.cat\/portfoli\/16maidaayyaz\/wp-json\/wp\/v2\/media\/184"}],"wp:attachment":[{"href":"https:\/\/institutviladomat.cat\/portfoli\/16maidaayyaz\/wp-json\/wp\/v2\/media?parent=182"}],"wp:term":[{"taxonomy":"category","embeddable":true,"href":"https:\/\/institutviladomat.cat\/portfoli\/16maidaayyaz\/wp-json\/wp\/v2\/categories?post=182"},{"taxonomy":"post_tag","embeddable":true,"href":"https:\/\/institutviladomat.cat\/portfoli\/16maidaayyaz\/wp-json\/wp\/v2\/tags?post=182"}],"curies":[{"name":"wp","href":"https:\/\/api.w.org\/{rel}","templated":true}]}}