{"id":364,"date":"2018-10-18T09:50:55","date_gmt":"2018-10-18T09:50:55","guid":{"rendered":"http:\/\/institutviladomat.cat\/portfoli\/16maidaayyaz\/?p=364"},"modified":"2018-10-24T07:16:58","modified_gmt":"2018-10-24T07:16:58","slug":"mussol-y-la-forca","status":"publish","type":"post","link":"https:\/\/institutviladomat.cat\/portfoli\/16maidaayyaz\/2018\/10\/18\/mussol-y-la-forca\/","title":{"rendered":"MUSSOL Y LA FORCA"},"content":{"rendered":"<p>&nbsp;<\/p>\n<div class=\"post-content\">\n<p>Tot comen\u00e7a quan una periodista novella l\u2019envien a cobrir una not\u00edcia a una casa okupa, ella pensa que com a molt omplir\u00e0 una columna per algun lloc del diari per\u00f2 s\u2019emporta una sorpresa. Tot decidida entra al mig de la batalla i es troba amb un grafit d\u2019un mussol. A la mateixa baralla coneix a una mossa que no la tracta molt b\u00e9. Comen\u00e7a a investigar sobre els grafits de mussols i les desaparicions que passen al mateix temps i acaba trobant que la mossa de la casa d\u2019okupes\u00a0<span class=\"hiddenGreenError\">esta<\/span>\u00a0ficada en el mateix cas. Entre elles dues investiguen les diferents desaparicions, en concret un greu desmai que pateix una adolescent. Al mateix temps que les dues adultes investigar el cas, dues amigues de l\u2019adolescent agredida tamb\u00e9 ho fan paral\u00b7lelament. Un dia l\u2019Ingrid i la Sonia,\u00a0 carregades d\u2019ira i venjan\u00e7a, baixen al soterrani on la seva amiga es va desmaiar i entren per una tanca a les clavegueres. Al mateix temps la Rosa i la Lara continuen investigant pel seu compte i tamb\u00e9 entren a les clavegueres. En mig de la foscor rapten a l\u2019Ingrid, la S\u00f2nia marxa corrents i es perd. Molt plorosa decideix rendir-se i trucar a la Rosa, a mitja trucada el\u00a0<span class=\"hiddenSpellError\">Gavroche<\/span>, un nen del carrer, li treu el tel\u00e8fon i la porta fins on \u00e9s la seva amiga. L\u2019Ingrid li explica que uns homes corpulents l\u2019havien raptat per\u00f2 van veure que portava el penjoll de la forca i l\u2019havien deixat anar, alg\u00fa la va acompanyar fins on eren ara. Les dues adolescents ja no eren a les clavegueres, ara estaven a un soterrani d\u2019una casa antiga amb totes les finestres tancades: estaven a l\u2019amagatall dels Corders. Un home gran i vell va tenir el detall d\u2019explicar que era tot all\u00f2 que els hi estava passant, els hi va dir que els Corders eren un grup de persones que recollien a marginats perqu\u00e8\u00a0<span class=\"hiddenGrammarError\">pugessin<\/span>\u00a0tenir un futur millor per\u00f2 uns quants il\u00b7luminats havien decidit crear un altre grup per venjar-se de la ciutat, aquest eren els Mussols. Estaven planejant fer un\u00a0<span class=\"hiddenGrammarError\">atemptat a<\/span>\u00a0l\u2019estadi Ol\u00edmpic el dia de la final de copa del rei i els Cordes estaven pensant com aturar-ho. Les dues noies davant la manca d\u2019acci\u00f3\u00a0<span class=\"hiddenGrammarError\">dels Cordes<\/span>\u00a0decideixen evitar-ho elles soles. Despr\u00e9s d\u2019agressives\u00a0batalles\u00a0i reunions\u00a0sect\u00e0ries, desactiven la bomba i tot acaba com va comen\u00e7ar.<\/p>\n<p>&nbsp;<\/p>\n<p><strong>Opini\u00f3<\/strong>:<br \/>\nCrec que \u00e9s un llibre molt actual, de misteri, aventures i un punt de por. Durant tota la lectura del llibre he sentit intriga per saber com acabarien les desaparicions i tot\u00a0<span class=\"hiddenGrammarError\">lo<\/span>\u00a0de les sectes. Per\u00f2 tamb\u00e9 \u00e9s cert que el final em va decebre bastant, perqu\u00e8 durant tot el llibre havia tingut l\u2019<span class=\"hiddenGreenError\">ansia<\/span>\u00a0que fos un final una mica m\u00e9s\u00a0tr\u00e0gic i\u00a0no va ser\u00a0aix\u00ed.<\/p>\n<\/div>\n<div class=\"clear\"><\/div>\n<div class=\"post-meta-bottom\"><\/div>\n","protected":false},"excerpt":{"rendered":"<p>&nbsp; Tot comen\u00e7a quan una periodista novella l\u2019envien a cobrir una not\u00edcia a una casa okupa, ella pensa que com a molt omplir\u00e0 una columna per algun lloc&#8230;<\/p>\n","protected":false},"author":71,"featured_media":365,"comment_status":"open","ping_status":"open","sticky":false,"template":"","format":"standard","meta":{"footnotes":""},"categories":[1],"tags":[],"_links":{"self":[{"href":"https:\/\/institutviladomat.cat\/portfoli\/16maidaayyaz\/wp-json\/wp\/v2\/posts\/364"}],"collection":[{"href":"https:\/\/institutviladomat.cat\/portfoli\/16maidaayyaz\/wp-json\/wp\/v2\/posts"}],"about":[{"href":"https:\/\/institutviladomat.cat\/portfoli\/16maidaayyaz\/wp-json\/wp\/v2\/types\/post"}],"author":[{"embeddable":true,"href":"https:\/\/institutviladomat.cat\/portfoli\/16maidaayyaz\/wp-json\/wp\/v2\/users\/71"}],"replies":[{"embeddable":true,"href":"https:\/\/institutviladomat.cat\/portfoli\/16maidaayyaz\/wp-json\/wp\/v2\/comments?post=364"}],"version-history":[{"count":4,"href":"https:\/\/institutviladomat.cat\/portfoli\/16maidaayyaz\/wp-json\/wp\/v2\/posts\/364\/revisions"}],"predecessor-version":[{"id":373,"href":"https:\/\/institutviladomat.cat\/portfoli\/16maidaayyaz\/wp-json\/wp\/v2\/posts\/364\/revisions\/373"}],"wp:featuredmedia":[{"embeddable":true,"href":"https:\/\/institutviladomat.cat\/portfoli\/16maidaayyaz\/wp-json\/wp\/v2\/media\/365"}],"wp:attachment":[{"href":"https:\/\/institutviladomat.cat\/portfoli\/16maidaayyaz\/wp-json\/wp\/v2\/media?parent=364"}],"wp:term":[{"taxonomy":"category","embeddable":true,"href":"https:\/\/institutviladomat.cat\/portfoli\/16maidaayyaz\/wp-json\/wp\/v2\/categories?post=364"},{"taxonomy":"post_tag","embeddable":true,"href":"https:\/\/institutviladomat.cat\/portfoli\/16maidaayyaz\/wp-json\/wp\/v2\/tags?post=364"}],"curies":[{"name":"wp","href":"https:\/\/api.w.org\/{rel}","templated":true}]}}