{"id":506,"date":"2020-02-14T13:02:35","date_gmt":"2020-02-14T13:02:35","guid":{"rendered":"http:\/\/institutviladomat.cat\/portfoli\/16maidaayyaz\/?p=506"},"modified":"2020-03-04T12:07:00","modified_gmt":"2020-03-04T12:07:00","slug":"telefono-rojo-volamos-hacia-moscu","status":"publish","type":"post","link":"https:\/\/institutviladomat.cat\/portfoli\/16maidaayyaz\/2020\/02\/14\/telefono-rojo-volamos-hacia-moscu\/","title":{"rendered":"\u00bfTel\u00e9fono rojo? Volamos hacia Mosc\u00fa"},"content":{"rendered":"\n<p><em>Aquesta&nbsp;pel\u00b7l\u00edcula&nbsp;\u00e9s sobre la Guerra Freda, la Guerra Freda va ser un model de relacions internacionals que va desenvolupar-se despr\u00e9s de la Segona Guerra Mundial, fonamentat entre els blocs antag\u00f2nics liderats pels Estats Units i la Uni\u00f3 Sovi\u00e8tica amb els seus respectius aliats. Aquest fenomen es va iniciar despr\u00e9s de la Segona Guerra Mundial (1945).<\/em><\/p>\n\n\n\n<p><em>Premis que ha guanyat aquesta&nbsp;pel\u00b7l\u00edcula:<\/em><\/p>\n\n\n\n<p><em>1964: 4&nbsp;nominaciones&nbsp;al Oscar:&nbsp;Mejor&nbsp;pel\u00edcula, director, actor (Peter Sellers),&nbsp;gui\u00f3n<br>1964:&nbsp;Premios&nbsp;BAFTA:&nbsp;Mejor&nbsp;pel\u00edcula, Film&nbsp;brit\u00e1nico&nbsp;y&nbsp;Dir.&nbsp;art\u00edstica&nbsp;(B&amp;W). 6&nbsp;nominaciones<br>1964:&nbsp;C\u00edrculo&nbsp;de&nbsp;Cr\u00edticos&nbsp;de&nbsp;Nueva&nbsp;York:&nbsp;Mejor&nbsp;Director<br>1964:&nbsp;Sindicato&nbsp;de Directores (DGA): Nominada a&nbsp;Mejor&nbsp;director<br>1964:&nbsp;Sindicato&nbsp;de&nbsp;Guionistas&nbsp;(WGA):&nbsp;Mejor&nbsp;gui\u00f3n&nbsp;comedia<\/em><\/p>\n\n\n\n<p><em>La part que&nbsp;m\u00e9s&nbsp;m&#8217;ha agradat&nbsp;\u00e9s&nbsp;quant a l&#8217;avi\u00f3&nbsp;li ataquen i&nbsp;el pilot&nbsp;estan tranquils&nbsp;ajuden al fet que&nbsp;al l&#8217;avio torni a estar millor. Ami si m&#8217;ha agradat la pelicula perqu\u00e8 explica la dura vida dels pilots de molt soldats, ja que el pol\u00edtics i els presidents no fan re, els soldats s&#8217;asacrifiquen la seva vida pel seu pa\u00eds.<\/em><\/p>\n","protected":false},"excerpt":{"rendered":"<p>Aquesta&nbsp;pel\u00b7l\u00edcula&nbsp;\u00e9s sobre la Guerra Freda, la Guerra Freda va ser un model de relacions internacionals que va desenvolupar-se despr\u00e9s de la Segona Guerra Mundial, fonamentat entre els blocs&#8230;<\/p>\n","protected":false},"author":71,"featured_media":518,"comment_status":"open","ping_status":"open","sticky":false,"template":"","format":"standard","meta":{"footnotes":""},"categories":[35,38],"tags":[],"_links":{"self":[{"href":"https:\/\/institutviladomat.cat\/portfoli\/16maidaayyaz\/wp-json\/wp\/v2\/posts\/506"}],"collection":[{"href":"https:\/\/institutviladomat.cat\/portfoli\/16maidaayyaz\/wp-json\/wp\/v2\/posts"}],"about":[{"href":"https:\/\/institutviladomat.cat\/portfoli\/16maidaayyaz\/wp-json\/wp\/v2\/types\/post"}],"author":[{"embeddable":true,"href":"https:\/\/institutviladomat.cat\/portfoli\/16maidaayyaz\/wp-json\/wp\/v2\/users\/71"}],"replies":[{"embeddable":true,"href":"https:\/\/institutviladomat.cat\/portfoli\/16maidaayyaz\/wp-json\/wp\/v2\/comments?post=506"}],"version-history":[{"count":2,"href":"https:\/\/institutviladomat.cat\/portfoli\/16maidaayyaz\/wp-json\/wp\/v2\/posts\/506\/revisions"}],"predecessor-version":[{"id":519,"href":"https:\/\/institutviladomat.cat\/portfoli\/16maidaayyaz\/wp-json\/wp\/v2\/posts\/506\/revisions\/519"}],"wp:featuredmedia":[{"embeddable":true,"href":"https:\/\/institutviladomat.cat\/portfoli\/16maidaayyaz\/wp-json\/wp\/v2\/media\/518"}],"wp:attachment":[{"href":"https:\/\/institutviladomat.cat\/portfoli\/16maidaayyaz\/wp-json\/wp\/v2\/media?parent=506"}],"wp:term":[{"taxonomy":"category","embeddable":true,"href":"https:\/\/institutviladomat.cat\/portfoli\/16maidaayyaz\/wp-json\/wp\/v2\/categories?post=506"},{"taxonomy":"post_tag","embeddable":true,"href":"https:\/\/institutviladomat.cat\/portfoli\/16maidaayyaz\/wp-json\/wp\/v2\/tags?post=506"}],"curies":[{"name":"wp","href":"https:\/\/api.w.org\/{rel}","templated":true}]}}