{"id":548,"date":"2020-03-24T17:46:34","date_gmt":"2020-03-24T17:46:34","guid":{"rendered":"http:\/\/institutviladomat.cat\/portfoli\/16maidaayyaz\/?p=548"},"modified":"2020-03-24T17:46:34","modified_gmt":"2020-03-24T17:46:34","slug":"josefina-de-la-torre","status":"publish","type":"post","link":"https:\/\/institutviladomat.cat\/portfoli\/16maidaayyaz\/2020\/03\/24\/josefina-de-la-torre\/","title":{"rendered":"Josefina de la Torre"},"content":{"rendered":"\n<p>La Generaci\u00f3n del 27 es uno de los movimientos m\u00e1s importantes dictado por Mar\u00eda Juana Elizondo P\u00e9rez escritora bastante famosa de la generaci\u00f3n del mismo mencionado a\u00f1o 27. Una generaci\u00f3n literaria determina a un grupo de escritores nacidos en una determinada \u00e9poca, los cuales escriben movidos por un acontecimiento.<\/p>\n\n\n\n<p>El nombre con el que se conoce a esta generaci\u00f3n de artistas es debido al acto de rebeld\u00eda1\u200b que protagonizaron Margarita Manso y Maruja Mallo (ambas residentes en la Real Academia de San Fernando) junto a Salvador Dal\u00ed y Federico Garc\u00eda Lorca al descubrirse la cabeza al quitarse el sombrero cu\u00e1ndo pasaban por la Puerta del Sol, lo que provoc\u00f3 insultos y que les apedreasen los dem\u00e1s viandantes.2\u200b A finales de la I Guerra Mundial (1914-1918) el papel de la mujer comienza a cambiar y estar presentes en el mundo laboral y de la industria.3\u200b Aunque realmente la visibilidad de este grupo de mujeres comenz\u00f3 en la segunda y tercera d\u00e9cadas del siglo XX (1915-1940) gracias a la documentaci\u00f3n realizada por las revistas literarias.<\/p>\n\n\n\n<p>Josefina de la Torre naci\u00f3 en 1907 en una familia burguesa de intelectuales en Las Palmas de Gran Canaria, y all\u00ed pas\u00f3 su infancia y su juventud. Cuando ten\u00eda veinte a\u00f1os, viaj\u00f3 a Madrid junto a su hermano Claudio de la Torre, que hab\u00eda recibido el Premio Nacional de Literatura en 1923. Adem\u00e1s de prepararse en la academia de canto de Dahmen Chao, vi\u00f3 y explor\u00f3 toda la cultura de la capital, colaborando en revistas po\u00e9ticas de prestigio como <em>Espa\u00f1a<\/em>, <em>Alfar<\/em>, <em>Verso y prosa<\/em>, <em>La Gaceta Literaria<\/em> y <em>Azor<\/em>.<\/p>\n\n\n\n<p><a href=\"https:\/\/docs.google.com\/presentation\/d\/1BQDQkocUwM22kusBiGszTtZ5cHnq_hyjHxUl0rEF2GU\/edit#slide=id.g7f55da62a2_0_36\">https:\/\/docs.google.com\/presentation\/d\/1BQDQkocUwM22kusBiGszTtZ5cHnq_hyjHxUl0rEF2GU\/edit#slide=id.g7f55da62a2_0_36<\/a><\/p>\n\n\n\n<p><\/p>\n","protected":false},"excerpt":{"rendered":"<p>La Generaci\u00f3n del 27 es uno de los movimientos m\u00e1s importantes dictado por Mar\u00eda Juana Elizondo P\u00e9rez escritora bastante famosa de la generaci\u00f3n del mismo mencionado a\u00f1o 27&#8230;.<\/p>\n","protected":false},"author":71,"featured_media":549,"comment_status":"open","ping_status":"open","sticky":false,"template":"","format":"standard","meta":{"footnotes":""},"categories":[39,35],"tags":[],"_links":{"self":[{"href":"https:\/\/institutviladomat.cat\/portfoli\/16maidaayyaz\/wp-json\/wp\/v2\/posts\/548"}],"collection":[{"href":"https:\/\/institutviladomat.cat\/portfoli\/16maidaayyaz\/wp-json\/wp\/v2\/posts"}],"about":[{"href":"https:\/\/institutviladomat.cat\/portfoli\/16maidaayyaz\/wp-json\/wp\/v2\/types\/post"}],"author":[{"embeddable":true,"href":"https:\/\/institutviladomat.cat\/portfoli\/16maidaayyaz\/wp-json\/wp\/v2\/users\/71"}],"replies":[{"embeddable":true,"href":"https:\/\/institutviladomat.cat\/portfoli\/16maidaayyaz\/wp-json\/wp\/v2\/comments?post=548"}],"version-history":[{"count":1,"href":"https:\/\/institutviladomat.cat\/portfoli\/16maidaayyaz\/wp-json\/wp\/v2\/posts\/548\/revisions"}],"predecessor-version":[{"id":551,"href":"https:\/\/institutviladomat.cat\/portfoli\/16maidaayyaz\/wp-json\/wp\/v2\/posts\/548\/revisions\/551"}],"wp:featuredmedia":[{"embeddable":true,"href":"https:\/\/institutviladomat.cat\/portfoli\/16maidaayyaz\/wp-json\/wp\/v2\/media\/549"}],"wp:attachment":[{"href":"https:\/\/institutviladomat.cat\/portfoli\/16maidaayyaz\/wp-json\/wp\/v2\/media?parent=548"}],"wp:term":[{"taxonomy":"category","embeddable":true,"href":"https:\/\/institutviladomat.cat\/portfoli\/16maidaayyaz\/wp-json\/wp\/v2\/categories?post=548"},{"taxonomy":"post_tag","embeddable":true,"href":"https:\/\/institutviladomat.cat\/portfoli\/16maidaayyaz\/wp-json\/wp\/v2\/tags?post=548"}],"curies":[{"name":"wp","href":"https:\/\/api.w.org\/{rel}","templated":true}]}}