{"id":62,"date":"2016-11-28T08:20:42","date_gmt":"2016-11-28T08:20:42","guid":{"rendered":"http:\/\/institutviladomat.cat\/portfoli\/16maidaayyaz\/?p=62"},"modified":"2017-06-19T10:24:32","modified_gmt":"2017-06-19T10:24:32","slug":"la-meva-linea-del-temps","status":"publish","type":"post","link":"https:\/\/institutviladomat.cat\/portfoli\/16maidaayyaz\/2016\/11\/28\/la-meva-linea-del-temps\/","title":{"rendered":"la meva linea del temps"},"content":{"rendered":"<p><a href=\"http:\/\/www.tiki-toki.com\/timeline\/entry\/710156\/el-dia-que-vaig-nixer\/\">http:\/\/www.tiki-toki.com\/timeline\/entry\/710156\/el-dia-que-vaig-nixer\/<\/a><\/p>\n<p>Vam fer una l\u00ednia del temps, vam comen\u00e7ar des del 2000 perqu\u00e8 aix\u00ed escriure moltes m\u00e9s coses.<br \/>\nJo vaig <span class=\"hiddenSpellError\">comensan<\/span> a escriure el dia que vaig n\u00e9ixer<span class=\"hiddenGrammarError\"> ,<\/span> i el <span class=\"hiddenGreenError\">ultim<\/span> va ser el primer dia que vaig anar a l&#8217;Institut <span class=\"hiddenGrammarError\">Viladomat .<\/span><\/p>\n<p>Va ser molt divertit esper\u00f3 tornar a fer una activitat aix\u00ed<\/p>\n<p>&nbsp;<\/p>\n","protected":false},"excerpt":{"rendered":"<p>http:\/\/www.tiki-toki.com\/timeline\/entry\/710156\/el-dia-que-vaig-nixer\/ Vam fer una l\u00ednia del temps, vam comen\u00e7ar des del 2000 perqu\u00e8 aix\u00ed escriure moltes m\u00e9s coses. Jo vaig comensan a escriure el dia que vaig n\u00e9ixer&#8230;<\/p>\n","protected":false},"author":71,"featured_media":209,"comment_status":"open","ping_status":"open","sticky":false,"template":"","format":"standard","meta":{"footnotes":""},"categories":[3],"tags":[],"_links":{"self":[{"href":"https:\/\/institutviladomat.cat\/portfoli\/16maidaayyaz\/wp-json\/wp\/v2\/posts\/62"}],"collection":[{"href":"https:\/\/institutviladomat.cat\/portfoli\/16maidaayyaz\/wp-json\/wp\/v2\/posts"}],"about":[{"href":"https:\/\/institutviladomat.cat\/portfoli\/16maidaayyaz\/wp-json\/wp\/v2\/types\/post"}],"author":[{"embeddable":true,"href":"https:\/\/institutviladomat.cat\/portfoli\/16maidaayyaz\/wp-json\/wp\/v2\/users\/71"}],"replies":[{"embeddable":true,"href":"https:\/\/institutviladomat.cat\/portfoli\/16maidaayyaz\/wp-json\/wp\/v2\/comments?post=62"}],"version-history":[{"count":2,"href":"https:\/\/institutviladomat.cat\/portfoli\/16maidaayyaz\/wp-json\/wp\/v2\/posts\/62\/revisions"}],"predecessor-version":[{"id":64,"href":"https:\/\/institutviladomat.cat\/portfoli\/16maidaayyaz\/wp-json\/wp\/v2\/posts\/62\/revisions\/64"}],"wp:featuredmedia":[{"embeddable":true,"href":"https:\/\/institutviladomat.cat\/portfoli\/16maidaayyaz\/wp-json\/wp\/v2\/media\/209"}],"wp:attachment":[{"href":"https:\/\/institutviladomat.cat\/portfoli\/16maidaayyaz\/wp-json\/wp\/v2\/media?parent=62"}],"wp:term":[{"taxonomy":"category","embeddable":true,"href":"https:\/\/institutviladomat.cat\/portfoli\/16maidaayyaz\/wp-json\/wp\/v2\/categories?post=62"},{"taxonomy":"post_tag","embeddable":true,"href":"https:\/\/institutviladomat.cat\/portfoli\/16maidaayyaz\/wp-json\/wp\/v2\/tags?post=62"}],"curies":[{"name":"wp","href":"https:\/\/api.w.org\/{rel}","templated":true}]}}