{"id":567,"date":"2018-03-23T16:47:02","date_gmt":"2018-03-23T16:47:02","guid":{"rendered":"http:\/\/institutviladomat.cat\/portfoli\/16marcduran\/?p=567"},"modified":"2018-03-23T16:47:02","modified_gmt":"2018-03-23T16:47:02","slug":"el-nom-de-la-rosa","status":"publish","type":"post","link":"https:\/\/institutviladomat.cat\/portfoli\/16marcduran\/general\/el-nom-de-la-rosa\/","title":{"rendered":"El nom de la Rosa"},"content":{"rendered":"<p>Per introduir-nos l&#8217;estada als Camps d&#8217;Aprenentatge, avui ens han passat la pel\u00b7l\u00edcula de <em>&#8220;El nom de la Rosa&#8221;. <\/em>Aquesta pel\u00b7l\u00edcula, m&#8217;ha semblat entretinguda, hi han hagut alguns moments que m&#8217;han encuriosit. Quan la pel\u00b7l\u00edcula estava acabant, la Yira no ha parat de dir que ja ho sab\u00eda, i aix\u00f3, vulguis o no, m&#8217;ha fet rabiar. Quan ha acabat la pel\u00b7l\u00edcula hem hagut de fer un q\u00fcestionari del moodle, jo he tret un 83,33%, i la Yira un 100%. Al final si que ho sabia tot.<\/p>\n<h1>D&#8217;on ve aquesta pel\u00b7l\u00edcula?<\/h1>\n<p><img decoding=\"async\" class=\"alignleft\" src=\"https:\/\/images-na.ssl-images-amazon.com\/images\/I\/41u1j5X8hAL._BO1,204,203,200_.jpg\" alt=\"Resultat d'imatges de Il nome della rosa\" \/>El nom de la rosa (<strong><em>Il nome della rosa<\/em><\/strong> en l&#8217;itali\u00e0 original) \u00e9s una novel\u00b7la d&#8217;Umberto Eco ambientada en un monestir benedict\u00ed l&#8217;any 1327. Va ser publicada per primer cop l&#8217;any 1980, fou un \u00e8xit de vendes immediat, i fou tradu\u00efda a nombroses lleng\u00fces, entre aquestes, el catal\u00e0, a c\u00e0rrec de Josep Daurella.<\/p>\n<p>La novel\u00b7la, que ha venut m\u00e9s de 50 milions de c\u00f2pies arreu del m\u00f3n, combina elements d&#8217;intriga i una investigaci\u00f3 detectivesca amb reflexions filos\u00f2fiques, pol\u00edtiques i disputes teol\u00f2giques, dins del marc del pensament medieval.<\/p>\n","protected":false},"excerpt":{"rendered":"<p>Per introduir-nos l&#8217;estada als Camps d&#8217;Aprenentatge, avui ens han passat la pel\u00b7l\u00edcula de &#8220;El nom de la Rosa&#8221;. Aquesta pel\u00b7l\u00edcula, m&#8217;ha semblat entretinguda, hi han hagut alguns moments&#8230;<\/p>\n","protected":false},"author":86,"featured_media":569,"comment_status":"open","ping_status":"open","sticky":false,"template":"","format":"standard","meta":{"footnotes":""},"categories":[33,34,27,1],"tags":[],"_links":{"self":[{"href":"https:\/\/institutviladomat.cat\/portfoli\/16marcduran\/wp-json\/wp\/v2\/posts\/567"}],"collection":[{"href":"https:\/\/institutviladomat.cat\/portfoli\/16marcduran\/wp-json\/wp\/v2\/posts"}],"about":[{"href":"https:\/\/institutviladomat.cat\/portfoli\/16marcduran\/wp-json\/wp\/v2\/types\/post"}],"author":[{"embeddable":true,"href":"https:\/\/institutviladomat.cat\/portfoli\/16marcduran\/wp-json\/wp\/v2\/users\/86"}],"replies":[{"embeddable":true,"href":"https:\/\/institutviladomat.cat\/portfoli\/16marcduran\/wp-json\/wp\/v2\/comments?post=567"}],"version-history":[{"count":2,"href":"https:\/\/institutviladomat.cat\/portfoli\/16marcduran\/wp-json\/wp\/v2\/posts\/567\/revisions"}],"predecessor-version":[{"id":570,"href":"https:\/\/institutviladomat.cat\/portfoli\/16marcduran\/wp-json\/wp\/v2\/posts\/567\/revisions\/570"}],"wp:featuredmedia":[{"embeddable":true,"href":"https:\/\/institutviladomat.cat\/portfoli\/16marcduran\/wp-json\/wp\/v2\/media\/569"}],"wp:attachment":[{"href":"https:\/\/institutviladomat.cat\/portfoli\/16marcduran\/wp-json\/wp\/v2\/media?parent=567"}],"wp:term":[{"taxonomy":"category","embeddable":true,"href":"https:\/\/institutviladomat.cat\/portfoli\/16marcduran\/wp-json\/wp\/v2\/categories?post=567"},{"taxonomy":"post_tag","embeddable":true,"href":"https:\/\/institutviladomat.cat\/portfoli\/16marcduran\/wp-json\/wp\/v2\/tags?post=567"}],"curies":[{"name":"wp","href":"https:\/\/api.w.org\/{rel}","templated":true}]}}