{"id":136,"date":"2016-11-25T13:01:29","date_gmt":"2016-11-25T13:01:29","guid":{"rendered":"http:\/\/institutviladomat.cat\/portfoli\/16onagracia\/?p=136"},"modified":"2017-03-16T12:43:37","modified_gmt":"2017-03-16T12:43:37","slug":"graffiti","status":"publish","type":"post","link":"https:\/\/institutviladomat.cat\/portfoli\/16onagracia\/2016\/11\/25\/graffiti\/","title":{"rendered":"Graffiti"},"content":{"rendered":"<p>La palabra \u201cgraffiti\u201d tiene sus or\u00edgenes en la palabra griega graphein que significa escribir. Esto evolucion\u00f3 de la palabra latina graffito. Graffiti es la forma plural de graffito.<\/p>\n<p><img decoding=\"async\" loading=\"lazy\" class=\"alignnone wp-image-112\" src=\"http:\/\/institutviladomat.cat\/portfoli\/16aleixbordas\/wp-content\/uploads\/sites\/73\/2016\/11\/Screenshot-2016-11-18-at-08.57.55.png\" alt=\"screenshot-2016-11-18-at-08-57-55\" width=\"207\" height=\"206\" \/><\/p>\n<p>El graffiti empez\u00f3 a los a\u00f1os 60 en Nueva York, los primeros artistas de graffiti se dedicaban a firmas, viv\u00edan y pintaban en Nueva York. no de los primeras artistas de graffiti firmaba TAKI 183<\/p>\n<p><img decoding=\"async\" loading=\"lazy\" class=\"alignnone wp-image-113\" src=\"http:\/\/institutviladomat.cat\/portfoli\/16aleixbordas\/wp-content\/uploads\/sites\/73\/2016\/11\/Screenshot-2016-11-18-at-08.57.29.png\" alt=\"screenshot-2016-11-18-at-08-57-29\" width=\"283\" height=\"228\" \/><\/p>\n<p>Pronto, cientos de j\u00f3venes en Nueva York, especialmente aquellos atra\u00eddos por la m\u00fasica rap y hip hop, empezaron a firmar por toda la ciudad, tanto que las autoridades tuvieron que gastar m\u00e1s de $300.000 (es decir 80.000 horas laborables) en la limpieza del metro.<\/p>\n<p><img decoding=\"async\" loading=\"lazy\" class=\"alignnone wp-image-114\" src=\"http:\/\/institutviladomat.cat\/portfoli\/16aleixbordas\/wp-content\/uploads\/sites\/73\/2016\/11\/Screenshot-2016-11-18-at-08.57.10.png\" alt=\"screenshot-2016-11-18-at-08-57-10\" width=\"307\" height=\"204\" \/><\/p>\n<p>Tuvo su momento m\u00e1s fuerte durante los setenta, pero luego empez\u00f3 a perder popularidad. Pero hace una d\u00e9cada una de las cadenas nacionales m\u00e1s populares de los Estados Unidos emiti\u00f3 un programa de televisi\u00f3n sobre el graffiti y de repente volvieron a aparecer firmas y arte graffitero no solo por los Estados Unidos, sino por sitios urbanos en todo el mundo y sobre todo en ciudades europeas.<\/p>\n<p><img decoding=\"async\" loading=\"lazy\" class=\"alignnone wp-image-111\" src=\"http:\/\/institutviladomat.cat\/portfoli\/16aleixbordas\/wp-content\/uploads\/sites\/73\/2016\/11\/Screenshot-2016-11-18-at-08.58.07-300x201.png\" alt=\"screenshot-2016-11-18-at-08-58-07\" width=\"305\" height=\"208\" \/><\/p>\n<p>El arte urbano de Barcelona se ha ido desarrollando poco a poco. Hay muchos estilos de graffitis y cada persona lo hace a su estilo. La expresividad art\u00edstica es una cualidad inherente al ser humano. En los \u00faltimos a\u00f1os, especialmente desde los a\u00f1os 1980, el arte urbano (graffiti) ha proliferado gracias a la cultura <i>hip-hop<\/i>procedente de Estados Unidos.<\/p>\n<p><img decoding=\"async\" loading=\"lazy\" class=\"alignnone wp-image-110\" src=\"http:\/\/institutviladomat.cat\/portfoli\/16aleixbordas\/wp-content\/uploads\/sites\/73\/2016\/11\/Screenshot-2016-11-18-at-09.06.21.png\" alt=\"screenshot-2016-11-18-at-09-06-21\" width=\"293\" height=\"210\" \/><\/p>\n<p>Desde los a\u00f1os 1960 las pintadas en espacios p\u00fablicos aumentaron gracias especialmente a la publicidad, ya que a menudo eran reclamos para la venta de productos; un ejemplo de la \u00e9poca es \u201cBeber es preciso: agua San Narciso\u201d<\/p>\n<p><img decoding=\"async\" loading=\"lazy\" class=\"alignnone wp-image-109\" src=\"http:\/\/institutviladomat.cat\/portfoli\/16aleixbordas\/wp-content\/uploads\/sites\/73\/2016\/11\/Screenshot-2016-11-18-at-09.06.32.png\" alt=\"screenshot-2016-11-18-at-09-06-32\" width=\"318\" height=\"215\" \/><\/p>\n<p>La plataforma RebobinART gestiona la disponibilidad de espacio p\u00fablico para el arte urbano, promocionando artistas y organizando concursos y exposiciones. Otra iniciativa ha sido el festival \u00das Barcelona, celebrado en 2014 y 2015, donde se ha dado a conocer la obra de diversos artistas internacionales.<\/p>\n<p><img decoding=\"async\" loading=\"lazy\" class=\"alignnone wp-image-107\" src=\"http:\/\/institutviladomat.cat\/portfoli\/16aleixbordas\/wp-content\/uploads\/sites\/73\/2016\/11\/Screenshot-2016-11-18-at-09.06.59.png\" alt=\"screenshot-2016-11-18-at-09-06-59\" width=\"276\" height=\"193\" \/><\/p>\n<p>Espacio reservado para grafiti legal en el F\u00f3rum Universal de las Culturas 2004.La idea de organizar este evento surgi\u00f3 en 1996, cuando el entonces alcalde de Barcelona, Pasqual Maragall propuso la celebraci\u00f3n de un gran acontecimiento cultural durante el a\u00f1o 2004.<\/p>\n<p><img decoding=\"async\" loading=\"lazy\" class=\"alignnone wp-image-106\" src=\"http:\/\/institutviladomat.cat\/portfoli\/16aleixbordas\/wp-content\/uploads\/sites\/73\/2016\/11\/Screenshot-2016-11-18-at-09.07.10.png\" alt=\"screenshot-2016-11-18-at-09-07-10\" width=\"250\" height=\"181\" \/><\/p>\n<p>Hay grafittis en los cuales sus autores han hecho las letras de forma complicada de leer para que el visitante que pase por all\u00ed se quede preguntando que significa y asi su graffiti ganar visiblidad<\/p>\n<p><img decoding=\"async\" loading=\"lazy\" class=\"alignnone wp-image-105\" src=\"http:\/\/institutviladomat.cat\/portfoli\/16aleixbordas\/wp-content\/uploads\/sites\/73\/2016\/11\/Screenshot-2016-11-18-at-09.07.17.png\" alt=\"screenshot-2016-11-18-at-09-07-17\" width=\"305\" height=\"195\" \/><\/p>\n<p>Desde finales de los a\u00f1os 1980 y en los 1990 se fueron adoptando nuevas t\u00e9cnicas como la aplicaci\u00f3n de aerosol con plantillas, y el pegado de carteles y pegatinas, en una modalidad llamada post-graffiti o arte callejero.<\/p>\n<p><img decoding=\"async\" loading=\"lazy\" class=\"alignnone wp-image-104\" src=\"http:\/\/institutviladomat.cat\/portfoli\/16aleixbordas\/wp-content\/uploads\/sites\/73\/2016\/11\/Screenshot-2016-11-18-at-09.07.24.png\" alt=\"screenshot-2016-11-18-at-09-07-24\" width=\"299\" height=\"225\" \/><\/p>\n","protected":false},"excerpt":{"rendered":"<p>La palabra \u201cgraffiti\u201d tiene sus or\u00edgenes en la palabra griega graphein que significa escribir. Esto evolucion\u00f3 de la palabra latina graffito. Graffiti es la forma plural de graffito&#8230;.<\/p>\n","protected":false},"author":97,"featured_media":138,"comment_status":"open","ping_status":"open","sticky":false,"template":"","format":"standard","meta":{"footnotes":""},"categories":[1],"tags":[8],"_links":{"self":[{"href":"https:\/\/institutviladomat.cat\/portfoli\/16onagracia\/wp-json\/wp\/v2\/posts\/136"}],"collection":[{"href":"https:\/\/institutviladomat.cat\/portfoli\/16onagracia\/wp-json\/wp\/v2\/posts"}],"about":[{"href":"https:\/\/institutviladomat.cat\/portfoli\/16onagracia\/wp-json\/wp\/v2\/types\/post"}],"author":[{"embeddable":true,"href":"https:\/\/institutviladomat.cat\/portfoli\/16onagracia\/wp-json\/wp\/v2\/users\/97"}],"replies":[{"embeddable":true,"href":"https:\/\/institutviladomat.cat\/portfoli\/16onagracia\/wp-json\/wp\/v2\/comments?post=136"}],"version-history":[{"count":1,"href":"https:\/\/institutviladomat.cat\/portfoli\/16onagracia\/wp-json\/wp\/v2\/posts\/136\/revisions"}],"predecessor-version":[{"id":137,"href":"https:\/\/institutviladomat.cat\/portfoli\/16onagracia\/wp-json\/wp\/v2\/posts\/136\/revisions\/137"}],"wp:featuredmedia":[{"embeddable":true,"href":"https:\/\/institutviladomat.cat\/portfoli\/16onagracia\/wp-json\/wp\/v2\/media\/138"}],"wp:attachment":[{"href":"https:\/\/institutviladomat.cat\/portfoli\/16onagracia\/wp-json\/wp\/v2\/media?parent=136"}],"wp:term":[{"taxonomy":"category","embeddable":true,"href":"https:\/\/institutviladomat.cat\/portfoli\/16onagracia\/wp-json\/wp\/v2\/categories?post=136"},{"taxonomy":"post_tag","embeddable":true,"href":"https:\/\/institutviladomat.cat\/portfoli\/16onagracia\/wp-json\/wp\/v2\/tags?post=136"}],"curies":[{"name":"wp","href":"https:\/\/api.w.org\/{rel}","templated":true}]}}