{"id":287,"date":"2017-05-19T11:07:36","date_gmt":"2017-05-19T11:07:36","guid":{"rendered":"http:\/\/institutviladomat.cat\/portfoli\/16onagracia\/?p=287"},"modified":"2017-05-19T17:59:28","modified_gmt":"2017-05-19T17:59:28","slug":"laqueducte","status":"publish","type":"post","link":"https:\/\/institutviladomat.cat\/portfoli\/16onagracia\/2017\/05\/19\/laqueducte\/","title":{"rendered":"L&#8217;aq\u00fceducte"},"content":{"rendered":"<p>L&#8217;aq\u00fceducte de la Pla\u00e7a Nova era l&#8217;aq\u00fceducte que portava aigua de Montcada i Reixac cap a la ciutat.<\/p>\n<p>Aquest aq\u00fceducte no \u00e9s rom\u00e0, es va construir poc despr\u00e8s del 1900.<\/p>\n<p>All\u00e0 estava una de les portes d&#8217;entrada, la que mirava a la muntanya. En aquest punt comen\u00e7ava el carrer Decamus Maximus, que acabava a una torre mirant el mar (on actualment hi ha el Centre C\u00edvic Pati Llimona).<\/p>\n<p>V\u00eddeo:<\/p>\n<p>&nbsp;<\/p>\n<p>&nbsp;<\/p>\n","protected":false},"excerpt":{"rendered":"<p>L&#8217;aq\u00fceducte de la Pla\u00e7a Nova era l&#8217;aq\u00fceducte que portava aigua de Montcada i Reixac cap a la ciutat. Aquest aq\u00fceducte no \u00e9s rom\u00e0, es va construir poc despr\u00e8s&#8230;<\/p>\n","protected":false},"author":97,"featured_media":309,"comment_status":"open","ping_status":"open","sticky":false,"template":"","format":"standard","meta":{"footnotes":""},"categories":[19,1],"tags":[],"_links":{"self":[{"href":"https:\/\/institutviladomat.cat\/portfoli\/16onagracia\/wp-json\/wp\/v2\/posts\/287"}],"collection":[{"href":"https:\/\/institutviladomat.cat\/portfoli\/16onagracia\/wp-json\/wp\/v2\/posts"}],"about":[{"href":"https:\/\/institutviladomat.cat\/portfoli\/16onagracia\/wp-json\/wp\/v2\/types\/post"}],"author":[{"embeddable":true,"href":"https:\/\/institutviladomat.cat\/portfoli\/16onagracia\/wp-json\/wp\/v2\/users\/97"}],"replies":[{"embeddable":true,"href":"https:\/\/institutviladomat.cat\/portfoli\/16onagracia\/wp-json\/wp\/v2\/comments?post=287"}],"version-history":[{"count":5,"href":"https:\/\/institutviladomat.cat\/portfoli\/16onagracia\/wp-json\/wp\/v2\/posts\/287\/revisions"}],"predecessor-version":[{"id":329,"href":"https:\/\/institutviladomat.cat\/portfoli\/16onagracia\/wp-json\/wp\/v2\/posts\/287\/revisions\/329"}],"wp:featuredmedia":[{"embeddable":true,"href":"https:\/\/institutviladomat.cat\/portfoli\/16onagracia\/wp-json\/wp\/v2\/media\/309"}],"wp:attachment":[{"href":"https:\/\/institutviladomat.cat\/portfoli\/16onagracia\/wp-json\/wp\/v2\/media?parent=287"}],"wp:term":[{"taxonomy":"category","embeddable":true,"href":"https:\/\/institutviladomat.cat\/portfoli\/16onagracia\/wp-json\/wp\/v2\/categories?post=287"},{"taxonomy":"post_tag","embeddable":true,"href":"https:\/\/institutviladomat.cat\/portfoli\/16onagracia\/wp-json\/wp\/v2\/tags?post=287"}],"curies":[{"name":"wp","href":"https:\/\/api.w.org\/{rel}","templated":true}]}}