{"id":376,"date":"2017-06-19T16:42:10","date_gmt":"2017-06-19T16:42:10","guid":{"rendered":"http:\/\/institutviladomat.cat\/portfoli\/16onagracia\/?p=376"},"modified":"2017-11-05T16:44:27","modified_gmt":"2017-11-05T16:44:27","slug":"activitat-de-vela","status":"publish","type":"post","link":"https:\/\/institutviladomat.cat\/portfoli\/16onagracia\/2017\/06\/19\/activitat-de-vela\/","title":{"rendered":"Activitat de Vela"},"content":{"rendered":"<p>El dijous i divendres dia 15 i 16 de juny varem anar tots junts al Centre <strong>Municipal de Vela de Barcelona. <\/strong>All\u00e0 ens van separar en dos grups, un feia l&#8217;activitat de Vela i l&#8217;altre Padel Surf i Kayak.<\/p>\n<p>I alguns professors ens varen acompanyar.<\/p>\n<p>El primer dia vaig fer <strong>Vela<\/strong>: Anava al grup amb la Julia la Doha i l&#8217;Arola. Va ser s\u00faper divertit. El Luis Mi, el nostre monitor era MOLT gracios, semblava un nen m\u00e9s. Vam estar parlant dels nostres hobbies i les nostres aficions, ens va explicar que tenia un fill de 18 anys i que havia susp\u00e9s angl\u00e9s, que tenia 51 anys&#8230;<\/p>\n<p>Primer ens va ensenyar una mica de vocabulari i despr\u00e9s a com navegar i com funcionaven les veles.<\/p>\n<p>Vam saltar del veler i vam estar jugant a l&#8217;aigua una estona.<\/p>\n<p>Despr\u00e9s ens vam dedicar a prendre el sol i a cantar can\u00e7ons a crits.<\/p>\n<p>Vam fer guerres d&#8217;aigua amb altres velers i a la tornada, uan feia vent s&#8217;hem va caure la samarreta al mar i quan vaig tirar-me a buscar-la, ja era massa tard, s&#8217;havia enfonsat&#8230; \ud83d\ude41 \ud83d\ude42<\/p>\n<p>Em va encantar!<\/p>\n<p><img decoding=\"async\" loading=\"lazy\" class=\"alignnone size-medium wp-image-282\" src=\"http:\/\/institutviladomat.cat\/portfoli\/16neussegui\/wp-content\/uploads\/sites\/125\/2017\/06\/TdCaccesible1275-300x227.jpg\" alt=\"\" width=\"300\" height=\"227\" \/><br \/>\nEl segon dia vaig anar a fer Padel\u00a0<span class=\"hiddenSpellError\">S<\/span>urf i Kayac, primer vaig comen\u00e7ar amb <strong><span class=\"hiddenSpellError\">Padle Surf<\/span><\/strong>: Vaig pujar amb la J\u00falia i la Doha, va ser\u00a0molt divertit, no podiem posar-nos dretes les tres alhora, ens queiem cada dos per tres!!<\/p>\n<p><img decoding=\"async\" loading=\"lazy\" class=\"alignnone size-medium wp-image-280\" src=\"http:\/\/institutviladomat.cat\/portfoli\/16neussegui\/wp-content\/uploads\/sites\/125\/2017\/06\/paddle-surf-1-300x186.jpg\" alt=\"\" width=\"300\" height=\"186\" \/><br \/>\nDespr\u00e9s vam canviar-nos amb els companys del grup \u00a0i vam fer\u00a0<strong>kayak<\/strong>: Va ser super divertit perqu\u00e8 tots els amics varem lligar totes les &#8220;taules&#8221; de Padle Surf i la J\u00falia i jo anavem al devant \u00a0de tot amb el kayak, fent for\u00e7a amb els rems per tirar cap endevant. Despr\u00e9s la J\u00falia i jo ens vam deslligar i vam anar a prendre el sol. \ud83d\ude42<\/p>\n<p><img decoding=\"async\" loading=\"lazy\" class=\"alignnone size-full wp-image-281\" src=\"http:\/\/institutviladomat.cat\/portfoli\/16neussegui\/wp-content\/uploads\/sites\/125\/2017\/06\/paddle-surf-1-1.jpg\" alt=\"\" width=\"257\" height=\"196\" \/><\/p>\n<p>&nbsp;<\/p>\n<p>&nbsp;<\/p>\n<p>HA SIGUT LA MILLOR ACTIVITAT DE L&#8217;ANY!!!!<\/p>\n","protected":false},"excerpt":{"rendered":"<p>El dijous i divendres dia 15 i 16 de juny varem anar tots junts al Centre Municipal de Vela de Barcelona. All\u00e0 ens van separar en dos grups,&#8230;<\/p>\n","protected":false},"author":97,"featured_media":0,"comment_status":"open","ping_status":"open","sticky":false,"template":"","format":"standard","meta":{"footnotes":""},"categories":[1,20,21],"tags":[37],"_links":{"self":[{"href":"https:\/\/institutviladomat.cat\/portfoli\/16onagracia\/wp-json\/wp\/v2\/posts\/376"}],"collection":[{"href":"https:\/\/institutviladomat.cat\/portfoli\/16onagracia\/wp-json\/wp\/v2\/posts"}],"about":[{"href":"https:\/\/institutviladomat.cat\/portfoli\/16onagracia\/wp-json\/wp\/v2\/types\/post"}],"author":[{"embeddable":true,"href":"https:\/\/institutviladomat.cat\/portfoli\/16onagracia\/wp-json\/wp\/v2\/users\/97"}],"replies":[{"embeddable":true,"href":"https:\/\/institutviladomat.cat\/portfoli\/16onagracia\/wp-json\/wp\/v2\/comments?post=376"}],"version-history":[{"count":4,"href":"https:\/\/institutviladomat.cat\/portfoli\/16onagracia\/wp-json\/wp\/v2\/posts\/376\/revisions"}],"predecessor-version":[{"id":380,"href":"https:\/\/institutviladomat.cat\/portfoli\/16onagracia\/wp-json\/wp\/v2\/posts\/376\/revisions\/380"}],"wp:attachment":[{"href":"https:\/\/institutviladomat.cat\/portfoli\/16onagracia\/wp-json\/wp\/v2\/media?parent=376"}],"wp:term":[{"taxonomy":"category","embeddable":true,"href":"https:\/\/institutviladomat.cat\/portfoli\/16onagracia\/wp-json\/wp\/v2\/categories?post=376"},{"taxonomy":"post_tag","embeddable":true,"href":"https:\/\/institutviladomat.cat\/portfoli\/16onagracia\/wp-json\/wp\/v2\/tags?post=376"}],"curies":[{"name":"wp","href":"https:\/\/api.w.org\/{rel}","templated":true}]}}