{"id":454,"date":"2017-11-26T18:30:38","date_gmt":"2017-11-26T18:30:38","guid":{"rendered":"http:\/\/institutviladomat.cat\/portfoli\/16onagracia\/?p=454"},"modified":"2017-11-26T20:48:52","modified_gmt":"2017-11-26T20:48:52","slug":"a-contracorrent-joana-biarnes","status":"publish","type":"post","link":"https:\/\/institutviladomat.cat\/portfoli\/16onagracia\/2017\/11\/26\/a-contracorrent-joana-biarnes\/","title":{"rendered":"A contracorrent, Joana Biarn\u00e8s."},"content":{"rendered":"<p>El dia 20 de novembre l&#8217;alumnat de 2n vem anar al Palau Robert a veure una exposici\u00f3 sobre la Joana Biarn\u00e8s. Una de les primeres fotoperiodistes Catalanes. La qual va haver d&#8217;anar tota la vida a contracorrent, per culpa del masclisme als anys 60-70.<\/p>\n<p>L&#8217;exposici\u00f3 mostra un total de 90 fotografies la majoria realitzades quan treballava per al diari El Pueblo (1963-1973).\u00a0 A l\u2019exposici\u00f3 hi ha fotos que mostren la realitat social del moment, fotos de cantants, actors, actrius, directors de cinema, ballarins&#8230;<\/p>\n<p>Aquestes s\u00f3n algunes de les imatges que sortien a l&#8217;exposici\u00f3..<\/p>\n<p><img decoding=\"async\" loading=\"lazy\" class=\"alignnone\" src=\"http:\/\/www.hoyesarte.com\/wp-content\/uploads\/2016\/06\/Imagen2.jpg\" alt=\"Resultat d'imatges de joana biarn\u00e9s palau robert\" width=\"290\" height=\"433\" \/><\/p>\n<p><img decoding=\"async\" src=\"http:\/\/www.formenterafotografica.com\/joana_biarnes\/Biarnes_01.jpg\" \/><\/p>\n<p><img decoding=\"async\" src=\"http:\/\/palaurobert.gencat.cat\/web\/.content\/00_EXPOSICIONS\/Exposicions\/sala1\/2017_Sala1\/Acontracorrent\/62.Modabarrets_0147-Biarnes_0000_00-c.jpg_1022232181.jpg\" alt=\"Resultat d'imatges de joana biarn\u00e9s palau robert\" \/><\/p>\n<p><img decoding=\"async\" loading=\"lazy\" class=\"\" src=\"http:\/\/www.hoyesarte.com\/wp-content\/uploads\/2016\/06\/Biarnes66-294x300.jpg\" alt=\"Resultat d'imatges de joana biarn\u00e9s palau robert\" width=\"314\" height=\"320\" \/><\/p>\n<p><img decoding=\"async\" loading=\"lazy\" class=\"\" src=\"http:\/\/images.eldiario.es\/cultura\/The-Beatles-Joana-Biarnes_EDIIMA20160411_0694_18.jpg\" alt=\"Resultat d'imatges de joana biarn\u00e9s beatles\" width=\"378\" height=\"354\" \/><\/p>\n<p><img decoding=\"async\" src=\"http:\/\/statics.ccma.cat\/multimedia\/jpg\/9\/0\/1452603381509.jpg\" \/><\/p>\n<p><img decoding=\"async\" loading=\"lazy\" class=\"\" src=\"http:\/\/images.eldiario.es\/cultura\/Orson-Welles-Joana-Biarnes_EDIIMA20160411_0692_5.jpg\" alt=\"Resultat d'imatges de fotografies joana biarn\u00e9s\" width=\"413\" height=\"274\" \/><\/p>\n<p>&nbsp;<\/p>\n<p>&nbsp;<\/p>\n","protected":false},"excerpt":{"rendered":"<p>El dia 20 de novembre l&#8217;alumnat de 2n vem anar al Palau Robert a veure una exposici\u00f3 sobre la Joana Biarn\u00e8s. Una de les primeres fotoperiodistes Catalanes. La&#8230;<\/p>\n","protected":false},"author":97,"featured_media":457,"comment_status":"open","ping_status":"open","sticky":false,"template":"","format":"standard","meta":{"footnotes":""},"categories":[28,26,1],"tags":[],"_links":{"self":[{"href":"https:\/\/institutviladomat.cat\/portfoli\/16onagracia\/wp-json\/wp\/v2\/posts\/454"}],"collection":[{"href":"https:\/\/institutviladomat.cat\/portfoli\/16onagracia\/wp-json\/wp\/v2\/posts"}],"about":[{"href":"https:\/\/institutviladomat.cat\/portfoli\/16onagracia\/wp-json\/wp\/v2\/types\/post"}],"author":[{"embeddable":true,"href":"https:\/\/institutviladomat.cat\/portfoli\/16onagracia\/wp-json\/wp\/v2\/users\/97"}],"replies":[{"embeddable":true,"href":"https:\/\/institutviladomat.cat\/portfoli\/16onagracia\/wp-json\/wp\/v2\/comments?post=454"}],"version-history":[{"count":4,"href":"https:\/\/institutviladomat.cat\/portfoli\/16onagracia\/wp-json\/wp\/v2\/posts\/454\/revisions"}],"predecessor-version":[{"id":459,"href":"https:\/\/institutviladomat.cat\/portfoli\/16onagracia\/wp-json\/wp\/v2\/posts\/454\/revisions\/459"}],"wp:featuredmedia":[{"embeddable":true,"href":"https:\/\/institutviladomat.cat\/portfoli\/16onagracia\/wp-json\/wp\/v2\/media\/457"}],"wp:attachment":[{"href":"https:\/\/institutviladomat.cat\/portfoli\/16onagracia\/wp-json\/wp\/v2\/media?parent=454"}],"wp:term":[{"taxonomy":"category","embeddable":true,"href":"https:\/\/institutviladomat.cat\/portfoli\/16onagracia\/wp-json\/wp\/v2\/categories?post=454"},{"taxonomy":"post_tag","embeddable":true,"href":"https:\/\/institutviladomat.cat\/portfoli\/16onagracia\/wp-json\/wp\/v2\/tags?post=454"}],"curies":[{"name":"wp","href":"https:\/\/api.w.org\/{rel}","templated":true}]}}