{"id":465,"date":"2017-12-04T11:08:27","date_gmt":"2017-12-04T11:08:27","guid":{"rendered":"http:\/\/institutviladomat.cat\/portfoli\/16onagracia\/?p=465"},"modified":"2017-12-13T09:49:38","modified_gmt":"2017-12-13T09:49:38","slug":"gerda-taro","status":"publish","type":"post","link":"https:\/\/institutviladomat.cat\/portfoli\/16onagracia\/2017\/12\/04\/gerda-taro\/","title":{"rendered":"Gerda Taro"},"content":{"rendered":"<p>A la classe de catal\u00e0 hem fet una presentaci\u00f3 amb imatges de la Gerda Taro, una fot\u00f2grafa alemanya.<\/p>\n<p>En la seg\u00fcent presentaci\u00f3, cada membre del grup va triar dues fotografies fetes per la fotogr\u00e0fa corresponent i va pensar-hi una frase per cada imatge.<\/p>\n<p>Aquesta \u00e9s la presentaci\u00f3 del meu grup:<\/p>\n<iframe width=\"100%\" height=\"400\" frameborder=\"0\" scrolling=\"https:\/\/docs.google.com\/a\/institutviladomat.cat\/presentation\/d\/1u2HfyStPxloQMEHouKxqIn2YVdoNE8BzlKEn1AEnWEc\/preview?usp=drivesdk\" src=\"https:\/\/docs.google.com\/a\/institutviladomat.cat\/presentation\/d\/1u2HfyStPxloQMEHouKxqIn2YVdoNE8BzlKEn1AEnWEc\/preview?usp=drivesdk\"><\/iframe>\n","protected":false},"excerpt":{"rendered":"<p>A la classe de catal\u00e0 hem fet una presentaci\u00f3 amb imatges de la Gerda Taro, una fot\u00f2grafa alemanya. En la seg\u00fcent presentaci\u00f3, cada membre del grup va triar&#8230;<\/p>\n","protected":false},"author":97,"featured_media":467,"comment_status":"open","ping_status":"open","sticky":false,"template":"","format":"standard","meta":{"footnotes":""},"categories":[28,26,1],"tags":[],"_links":{"self":[{"href":"https:\/\/institutviladomat.cat\/portfoli\/16onagracia\/wp-json\/wp\/v2\/posts\/465"}],"collection":[{"href":"https:\/\/institutviladomat.cat\/portfoli\/16onagracia\/wp-json\/wp\/v2\/posts"}],"about":[{"href":"https:\/\/institutviladomat.cat\/portfoli\/16onagracia\/wp-json\/wp\/v2\/types\/post"}],"author":[{"embeddable":true,"href":"https:\/\/institutviladomat.cat\/portfoli\/16onagracia\/wp-json\/wp\/v2\/users\/97"}],"replies":[{"embeddable":true,"href":"https:\/\/institutviladomat.cat\/portfoli\/16onagracia\/wp-json\/wp\/v2\/comments?post=465"}],"version-history":[{"count":4,"href":"https:\/\/institutviladomat.cat\/portfoli\/16onagracia\/wp-json\/wp\/v2\/posts\/465\/revisions"}],"predecessor-version":[{"id":473,"href":"https:\/\/institutviladomat.cat\/portfoli\/16onagracia\/wp-json\/wp\/v2\/posts\/465\/revisions\/473"}],"wp:featuredmedia":[{"embeddable":true,"href":"https:\/\/institutviladomat.cat\/portfoli\/16onagracia\/wp-json\/wp\/v2\/media\/467"}],"wp:attachment":[{"href":"https:\/\/institutviladomat.cat\/portfoli\/16onagracia\/wp-json\/wp\/v2\/media?parent=465"}],"wp:term":[{"taxonomy":"category","embeddable":true,"href":"https:\/\/institutviladomat.cat\/portfoli\/16onagracia\/wp-json\/wp\/v2\/categories?post=465"},{"taxonomy":"post_tag","embeddable":true,"href":"https:\/\/institutviladomat.cat\/portfoli\/16onagracia\/wp-json\/wp\/v2\/tags?post=465"}],"curies":[{"name":"wp","href":"https:\/\/api.w.org\/{rel}","templated":true}]}}