{"id":581,"date":"2018-04-24T10:07:09","date_gmt":"2018-04-24T10:07:09","guid":{"rendered":"http:\/\/institutviladomat.cat\/portfoli\/16onagracia\/?p=581"},"modified":"2018-04-24T10:40:07","modified_gmt":"2018-04-24T10:40:07","slug":"dia-1-camp-daprenentatge","status":"publish","type":"post","link":"https:\/\/institutviladomat.cat\/portfoli\/16onagracia\/2018\/04\/24\/dia-1-camp-daprenentatge\/","title":{"rendered":"Dia 1 Camp d&#8217;Aprenentatge"},"content":{"rendered":"<p>El 10 d&#8217;abril, estavem tots a les 8:45 a la porta de l&#8217;institut. Ansiosos amb les nostres maletes i motxilles preparats per pujar-nos al autocar. Per arribar a l&#8217;Espluga de Francol\u00ed nomes\u00a0 hi havia 1 hora i mitja de viatge que va passar volant.\u00a0 Una vegada arribats al alberg Jaume I<\/p>\n<p><img decoding=\"async\" loading=\"lazy\" class=\"\" src=\"https:\/\/reaj.com\/wp-content\/uploads\/2016\/09\/244-1.jpg\" alt=\"Resultat d'imatges de Alberg jaume 1\" width=\"515\" height=\"345\" \/>,<\/p>\n<p>ens van fer deixar les maletes en una sala i vam comen\u00e7ar amb les activitats. Primer ens van fer una introducci\u00f3 cap a la societat feudal i la hist\u00f2ria de Poblet. Ens van explicar que la societat feudal es basava en el vassallatge i el feudalisme.<\/p>\n<p><img decoding=\"async\" loading=\"lazy\" class=\"alignright\" src=\"http:\/\/static.wixstatic.com\/media\/3d7938_9e64e70b57164397b7766bbb54494eb3.png\/v1\/fill\/w_310,h_259,al_c,usm_0.66_1.00_0.01\/3d7938_9e64e70b57164397b7766bbb54494eb3.png\" alt=\"Resultat d'imatges de estaments edat mitjana\" width=\"355\" height=\"299\" \/><\/p>\n<p>Aquesta societat estava dividida en estaments; la noblesa (on hi havien els reis, nobles i bisbes, i els\u00a0cavallers), l&#8217;Esgl\u00e9sia o el clergat (on hi havien els monjos), els burgesos (on hi havien comerciants, artesans i pagesos) i per \u00faltim, els servents (on hi havien els serfs, els camperols i els captaires).<\/p>\n<p>&nbsp;<\/p>\n<p>&nbsp;<\/p>\n<p>A la segona activitat ens van ensenyar quines eren totes les parts d&#8217;un monestir i per a que servien.<\/p>\n<p><img decoding=\"async\" loading=\"lazy\" class=\"\" src=\"https:\/\/image.slidesharecdn.com\/tema9ledatmitjana-110307084548-phpapp02\/95\/tema-9-ledat-mitjana-14-728.jpg?cb=1299487611\" alt=\"Resultat d'imatges de parts d'un monestir\" width=\"513\" height=\"385\" \/><\/p>\n<p>Al acabar aquesta activitat vam dinar els entrepans que portavem cadascu ja fet de casa i vem seguir amb les activitats.<\/p>\n<p>La seguent activitat va ser anar al Monestir de Poblet. On vam poder veure en persona tot el que haviem estat aprenent.<\/p>\n<p><img decoding=\"async\" src=\"http:\/\/aurigasc.com\/wp-content\/uploads\/POBLET.jpg\" alt=\"Resultat d'imatges de monestir de poblet\" \/><\/p>\n<p>All\u00e0 vem entrevistar a un monjo cistercenc i vam tenir l&#8217;oportunitat de preguntar-li qualsevol cosa sobre la seva vida quotidiana. A continuaci\u00f3 ens van separar per grups. El meu grup i jo vam haver de buscar elements defensius pel monestir i amb l&#8217;iPad que ens van deixar vam fer un llibre digital amb fotografies dels elements.<\/p>\n<p>Aqu\u00ed teniu el resultat del nostre llibre digital:<iframe width=\"100%\" height=\"400\" frameborder=\"0\" scrolling=\"https:\/\/drive.google.com\/a\/institutviladomat.cat\/file\/d\/0B5nwNQJ_fdUoREtoYTdFY3RiZjE5Z1VTSVRZQ0VuUl81ZHlB\/preview?usp=drivesdk\" src=\"https:\/\/drive.google.com\/a\/institutviladomat.cat\/file\/d\/0B5nwNQJ_fdUoREtoYTdFY3RiZjE5Z1VTSVRZQ0VuUl81ZHlB\/preview?usp=drivesdk\"><\/iframe><\/p>\n<p>Una vegada acabada la activitat varem tornar cap al alberg. I a mig cam\u00ed sen&#8217;s va posar a ploure!<\/p>\n<p>Quan ja erem a l&#8217;alberg ens van assignar per fi les habitacions. No hem podria haver tocat una habitaci\u00f3 millor! La Yira, la J\u00falia, la Laia, la Naiara, la Doha i jo vam pujar contentissimes a la habitaci\u00f3 n\u00famero 105. Despr\u00e9s d&#8217;instalar-nos vam anar a sopar. Quan ja haviem sopat tots, ens van deixar una mica de temps lliure fins que fos l&#8217;hora de dormir.<\/p>\n<p>&nbsp;<\/p>\n<p>&nbsp;<\/p>\n<p>&nbsp;<\/p>\n","protected":false},"excerpt":{"rendered":"<p>El 10 d&#8217;abril, estavem tots a les 8:45 a la porta de l&#8217;institut. Ansiosos amb les nostres maletes i motxilles preparats per pujar-nos al autocar. Per arribar a&#8230;<\/p>\n","protected":false},"author":97,"featured_media":594,"comment_status":"open","ping_status":"open","sticky":false,"template":"","format":"standard","meta":{"footnotes":""},"categories":[31,26],"tags":[],"_links":{"self":[{"href":"https:\/\/institutviladomat.cat\/portfoli\/16onagracia\/wp-json\/wp\/v2\/posts\/581"}],"collection":[{"href":"https:\/\/institutviladomat.cat\/portfoli\/16onagracia\/wp-json\/wp\/v2\/posts"}],"about":[{"href":"https:\/\/institutviladomat.cat\/portfoli\/16onagracia\/wp-json\/wp\/v2\/types\/post"}],"author":[{"embeddable":true,"href":"https:\/\/institutviladomat.cat\/portfoli\/16onagracia\/wp-json\/wp\/v2\/users\/97"}],"replies":[{"embeddable":true,"href":"https:\/\/institutviladomat.cat\/portfoli\/16onagracia\/wp-json\/wp\/v2\/comments?post=581"}],"version-history":[{"count":6,"href":"https:\/\/institutviladomat.cat\/portfoli\/16onagracia\/wp-json\/wp\/v2\/posts\/581\/revisions"}],"predecessor-version":[{"id":593,"href":"https:\/\/institutviladomat.cat\/portfoli\/16onagracia\/wp-json\/wp\/v2\/posts\/581\/revisions\/593"}],"wp:featuredmedia":[{"embeddable":true,"href":"https:\/\/institutviladomat.cat\/portfoli\/16onagracia\/wp-json\/wp\/v2\/media\/594"}],"wp:attachment":[{"href":"https:\/\/institutviladomat.cat\/portfoli\/16onagracia\/wp-json\/wp\/v2\/media?parent=581"}],"wp:term":[{"taxonomy":"category","embeddable":true,"href":"https:\/\/institutviladomat.cat\/portfoli\/16onagracia\/wp-json\/wp\/v2\/categories?post=581"},{"taxonomy":"post_tag","embeddable":true,"href":"https:\/\/institutviladomat.cat\/portfoli\/16onagracia\/wp-json\/wp\/v2\/tags?post=581"}],"curies":[{"name":"wp","href":"https:\/\/api.w.org\/{rel}","templated":true}]}}