{"id":618,"date":"2018-05-16T11:04:28","date_gmt":"2018-05-16T11:04:28","guid":{"rendered":"http:\/\/institutviladomat.cat\/portfoli\/16onagracia\/?p=618"},"modified":"2018-05-16T11:15:23","modified_gmt":"2018-05-16T11:15:23","slug":"bsc-marenostrum","status":"publish","type":"post","link":"https:\/\/institutviladomat.cat\/portfoli\/16onagracia\/2018\/05\/16\/bsc-marenostrum\/","title":{"rendered":"BSC Marenostrum"},"content":{"rendered":"<p>Avui, dia 16 de Mar\u00e7, hem anat a visitar el\u00a0 BSC Marenostrum.<\/p>\n<p><strong>Qu\u00e8 \u00e9s el Marenostrum?<\/strong><\/p>\n<p>El Marenostrum \u00e9s un supercomputador.\u00a0\u00c9s el 3r superocomputador m\u00e9s potent de tota Europa.<\/p>\n<p>T\u00e8cnicament el MareNostrum \u00e9s un supercomputador basat en processadors Intel Xeon Platinum, Lenovo SD530 Compute Racks, un sistema operatiu Linux i una interconnexi\u00f3 Intel Omni-Path.<\/p>\n<p>MareNostrum \u00e9s el nom gen\u00e8ric que BSC utilitza per referir-se a les diferents actualitzacions realitzades a la seva supercomputadora m\u00e9s emblem\u00e0tica i al supercomputador m\u00e9s potent d&#8217;Espanya. Fins ara s&#8217;han instal\u00b7lat quatre versions.<\/p>\n<p>Al 2004, van fer el MareNostrum 1.<\/p>\n<p>Al 2007 van fer el MareNostrum 2.<\/p>\n<p>Al 2012 van fer el MareNostrum 3.<\/p>\n<p>I al juny de 2017, van\u00a0fer el MareNostrum 4. El que hem visitat avui.<\/p>\n<p>El Govern d&#8217;Espanya, la Generalitat de Catalunya i el BSC, s\u00f3n les institucions a c\u00e0rrec del Marenostrum.<\/p>\n<p>Per\u00f2 tothom d&#8217;Europa pot accedir al supercomputador per a fer recerca.<\/p>\n<p><strong>Per a qu\u00e8 el fan servir?<\/strong><\/p>\n<p>Principalment \u00e9s fa servir per a recerca.<\/p>\n<p><strong>El projecte que m\u00e9s m&#8217;ha sorpr\u00e8s:<\/strong><\/p>\n<p>Hi ha un projecte que consisteix en recrear el cor d&#8217;un pacient per ajudar a diagnosticar o a comprendre la enfermetat que podrien tenir i per veure quins efectes podria tenir un medicament espec\u00edfic en el seu cor.<\/p>\n<p>Crec que \u00e9s un projecte molt \u00fatil i que podria ajudar molt.<\/p>\n<p>&nbsp;<\/p>\n<p>&nbsp;<\/p>\n","protected":false},"excerpt":{"rendered":"<p>Avui, dia 16 de Mar\u00e7, hem anat a visitar el\u00a0 BSC Marenostrum. Qu\u00e8 \u00e9s el Marenostrum? El Marenostrum \u00e9s un supercomputador.\u00a0\u00c9s el 3r superocomputador m\u00e9s potent de tota&#8230;<\/p>\n","protected":false},"author":97,"featured_media":619,"comment_status":"open","ping_status":"open","sticky":false,"template":"","format":"standard","meta":{"footnotes":""},"categories":[26,33],"tags":[],"_links":{"self":[{"href":"https:\/\/institutviladomat.cat\/portfoli\/16onagracia\/wp-json\/wp\/v2\/posts\/618"}],"collection":[{"href":"https:\/\/institutviladomat.cat\/portfoli\/16onagracia\/wp-json\/wp\/v2\/posts"}],"about":[{"href":"https:\/\/institutviladomat.cat\/portfoli\/16onagracia\/wp-json\/wp\/v2\/types\/post"}],"author":[{"embeddable":true,"href":"https:\/\/institutviladomat.cat\/portfoli\/16onagracia\/wp-json\/wp\/v2\/users\/97"}],"replies":[{"embeddable":true,"href":"https:\/\/institutviladomat.cat\/portfoli\/16onagracia\/wp-json\/wp\/v2\/comments?post=618"}],"version-history":[{"count":5,"href":"https:\/\/institutviladomat.cat\/portfoli\/16onagracia\/wp-json\/wp\/v2\/posts\/618\/revisions"}],"predecessor-version":[{"id":624,"href":"https:\/\/institutviladomat.cat\/portfoli\/16onagracia\/wp-json\/wp\/v2\/posts\/618\/revisions\/624"}],"wp:featuredmedia":[{"embeddable":true,"href":"https:\/\/institutviladomat.cat\/portfoli\/16onagracia\/wp-json\/wp\/v2\/media\/619"}],"wp:attachment":[{"href":"https:\/\/institutviladomat.cat\/portfoli\/16onagracia\/wp-json\/wp\/v2\/media?parent=618"}],"wp:term":[{"taxonomy":"category","embeddable":true,"href":"https:\/\/institutviladomat.cat\/portfoli\/16onagracia\/wp-json\/wp\/v2\/categories?post=618"},{"taxonomy":"post_tag","embeddable":true,"href":"https:\/\/institutviladomat.cat\/portfoli\/16onagracia\/wp-json\/wp\/v2\/tags?post=618"}],"curies":[{"name":"wp","href":"https:\/\/api.w.org\/{rel}","templated":true}]}}