{"id":678,"date":"2018-10-18T07:10:05","date_gmt":"2018-10-18T07:10:05","guid":{"rendered":"http:\/\/institutviladomat.cat\/portfoli\/16onagracia\/?p=678"},"modified":"2019-01-29T08:04:44","modified_gmt":"2019-01-29T08:04:44","slug":"romance-de-la-luna-luna","status":"publish","type":"post","link":"https:\/\/institutviladomat.cat\/portfoli\/16onagracia\/2018\/10\/18\/romance-de-la-luna-luna\/","title":{"rendered":"Romance de la luna, luna"},"content":{"rendered":"<!--[if lt IE 9]><script>document.createElement('audio');<\/script><![endif]-->\n<audio class=\"wp-audio-shortcode\" id=\"audio-678-1\" preload=\"none\" style=\"width: 100%;\" controls=\"controls\"><source type=\"audio\/mpeg\" src=\"http:\/\/institutviladomat.cat\/portfoli\/16onagracia\/wp-content\/uploads\/sites\/95\/2018\/10\/romance-de-la-luna.mp3?_=1\" \/><a href=\"http:\/\/institutviladomat.cat\/portfoli\/16onagracia\/wp-content\/uploads\/sites\/95\/2018\/10\/romance-de-la-luna.mp3\">http:\/\/institutviladomat.cat\/portfoli\/16onagracia\/wp-content\/uploads\/sites\/95\/2018\/10\/romance-de-la-luna.mp3<\/a><\/audio>\n<p>De Federico Garc\u00eda Lorca<\/p>\n<p><img decoding=\"async\" src=\"https:\/\/image.slidesharecdn.com\/romancedelalunaluna-120522134817-phpapp01\/95\/romance-de-la-luna-luna-2-728.jpg?cb=1337694535\" alt=\"Resultat d'imatges de Romance de la luna, luna\" \/><\/p>\n<p>En s\u00edntesis, el poema nos cuenta una sencilla y conmovedora historia: la muerte de un ni\u00f1o gitano en una noche de luna llena.<\/p>\n","protected":false},"excerpt":{"rendered":"<p>De Federico Garc\u00eda Lorca En s\u00edntesis, el poema nos cuenta una sencilla y conmovedora historia: la muerte de un ni\u00f1o gitano en una noche de luna llena.<\/p>\n","protected":false},"author":97,"featured_media":679,"comment_status":"open","ping_status":"open","sticky":false,"template":"","format":"standard","meta":{"footnotes":""},"categories":[42,41],"tags":[],"_links":{"self":[{"href":"https:\/\/institutviladomat.cat\/portfoli\/16onagracia\/wp-json\/wp\/v2\/posts\/678"}],"collection":[{"href":"https:\/\/institutviladomat.cat\/portfoli\/16onagracia\/wp-json\/wp\/v2\/posts"}],"about":[{"href":"https:\/\/institutviladomat.cat\/portfoli\/16onagracia\/wp-json\/wp\/v2\/types\/post"}],"author":[{"embeddable":true,"href":"https:\/\/institutviladomat.cat\/portfoli\/16onagracia\/wp-json\/wp\/v2\/users\/97"}],"replies":[{"embeddable":true,"href":"https:\/\/institutviladomat.cat\/portfoli\/16onagracia\/wp-json\/wp\/v2\/comments?post=678"}],"version-history":[{"count":5,"href":"https:\/\/institutviladomat.cat\/portfoli\/16onagracia\/wp-json\/wp\/v2\/posts\/678\/revisions"}],"predecessor-version":[{"id":768,"href":"https:\/\/institutviladomat.cat\/portfoli\/16onagracia\/wp-json\/wp\/v2\/posts\/678\/revisions\/768"}],"wp:featuredmedia":[{"embeddable":true,"href":"https:\/\/institutviladomat.cat\/portfoli\/16onagracia\/wp-json\/wp\/v2\/media\/679"}],"wp:attachment":[{"href":"https:\/\/institutviladomat.cat\/portfoli\/16onagracia\/wp-json\/wp\/v2\/media?parent=678"}],"wp:term":[{"taxonomy":"category","embeddable":true,"href":"https:\/\/institutviladomat.cat\/portfoli\/16onagracia\/wp-json\/wp\/v2\/categories?post=678"},{"taxonomy":"post_tag","embeddable":true,"href":"https:\/\/institutviladomat.cat\/portfoli\/16onagracia\/wp-json\/wp\/v2\/tags?post=678"}],"curies":[{"name":"wp","href":"https:\/\/api.w.org\/{rel}","templated":true}]}}