{"id":868,"date":"2019-05-27T06:45:33","date_gmt":"2019-05-27T06:45:33","guid":{"rendered":"http:\/\/institutviladomat.cat\/portfoli\/16onagracia\/?p=868"},"modified":"2019-05-27T06:45:33","modified_gmt":"2019-05-27T06:45:33","slug":"setmana-esportiva","status":"publish","type":"post","link":"https:\/\/institutviladomat.cat\/portfoli\/16onagracia\/2019\/05\/27\/setmana-esportiva\/","title":{"rendered":"Setmana esportiva"},"content":{"rendered":"\n<p>Com que a 3r no hi ha camp d\u2019aprenentatge, ni viatge de final de curs, hem fet una setmana esportiva.<\/p>\n\n\n\n<p>El dilluns vam fer classe normal. El dimarts vam anar a jugar a voleibol a la Marbella, ens ho vam passar molt b\u00e9, per\u00f2 la sortida \u00e9s va acabar fent curta. Dimecres vam anar a l\u2019INEFC a escoltar una xerrada, per a mi no va valdre la pena, ja que era espec\u00edfica per quan acabaves el batxillerat i volies fer una carrera relacionada amb l\u2019esport, que no \u00e9s el meu cas. Despr\u00e9s vam poder visitar les instal\u00b7lacions. Dijous ens vam quedar a l\u2019institut i ens van fer dues xerrades, una sobre sexualitat i una altra sobre viol\u00e8ncia de g\u00e8nere. Van estar molt interessants. Per acabar, divendres vam anar a Granollers a jugar a b\u00e0dminton, va ser bastant divertit.<\/p>\n\n\n\n<p>En general m\u2019ho vaig passar b\u00e9, per\u00f2 hauria preferit fer unes col\u00f2nies o  activitats que pogu\u00e9ssim triar entre tots.<\/p>\n","protected":false},"excerpt":{"rendered":"<p>Com que a 3r no hi ha camp d\u2019aprenentatge, ni viatge de final de curs, hem fet una setmana esportiva. El dilluns vam fer classe normal. El dimarts&#8230;<\/p>\n","protected":false},"author":97,"featured_media":882,"comment_status":"open","ping_status":"open","sticky":false,"template":"","format":"standard","meta":{"footnotes":""},"categories":[47,41,1],"tags":[],"_links":{"self":[{"href":"https:\/\/institutviladomat.cat\/portfoli\/16onagracia\/wp-json\/wp\/v2\/posts\/868"}],"collection":[{"href":"https:\/\/institutviladomat.cat\/portfoli\/16onagracia\/wp-json\/wp\/v2\/posts"}],"about":[{"href":"https:\/\/institutviladomat.cat\/portfoli\/16onagracia\/wp-json\/wp\/v2\/types\/post"}],"author":[{"embeddable":true,"href":"https:\/\/institutviladomat.cat\/portfoli\/16onagracia\/wp-json\/wp\/v2\/users\/97"}],"replies":[{"embeddable":true,"href":"https:\/\/institutviladomat.cat\/portfoli\/16onagracia\/wp-json\/wp\/v2\/comments?post=868"}],"version-history":[{"count":2,"href":"https:\/\/institutviladomat.cat\/portfoli\/16onagracia\/wp-json\/wp\/v2\/posts\/868\/revisions"}],"predecessor-version":[{"id":883,"href":"https:\/\/institutviladomat.cat\/portfoli\/16onagracia\/wp-json\/wp\/v2\/posts\/868\/revisions\/883"}],"wp:featuredmedia":[{"embeddable":true,"href":"https:\/\/institutviladomat.cat\/portfoli\/16onagracia\/wp-json\/wp\/v2\/media\/882"}],"wp:attachment":[{"href":"https:\/\/institutviladomat.cat\/portfoli\/16onagracia\/wp-json\/wp\/v2\/media?parent=868"}],"wp:term":[{"taxonomy":"category","embeddable":true,"href":"https:\/\/institutviladomat.cat\/portfoli\/16onagracia\/wp-json\/wp\/v2\/categories?post=868"},{"taxonomy":"post_tag","embeddable":true,"href":"https:\/\/institutviladomat.cat\/portfoli\/16onagracia\/wp-json\/wp\/v2\/tags?post=868"}],"curies":[{"name":"wp","href":"https:\/\/api.w.org\/{rel}","templated":true}]}}