{"id":896,"date":"2019-06-05T19:14:56","date_gmt":"2019-06-05T19:14:56","guid":{"rendered":"http:\/\/institutviladomat.cat\/portfoli\/16onagracia\/?p=896"},"modified":"2019-06-05T19:15:30","modified_gmt":"2019-06-05T19:15:30","slug":"carta-a-un-infant-de-la-revolucio-industrial","status":"publish","type":"post","link":"https:\/\/institutviladomat.cat\/portfoli\/16onagracia\/2019\/06\/05\/carta-a-un-infant-de-la-revolucio-industrial\/","title":{"rendered":"Carta a un infant de la revoluci\u00f3 industrial"},"content":{"rendered":"\n<p>Hola,<\/p>\n\n\n\n<p>Pel noi o noia que rebi aquesta carta, s\u00f3c l&#8217;Ona Gracia, una alumna de 3r d&#8217;ESO d&#8217;un institut de Barcelona i t&#8217;escric des de l&#8217;any 2019. Suposo que no sabras ni el que vol dir &#8220;ESO&#8221;. B\u00e9, l&#8217;ESO son els Estudis Obligatoris Secundaris, els quals soposo que tu no estas tenint. De fet, d&#8217;aix\u00f2 \u00e9s del que et vinc a parlar ara.  A l&#8217;institut hem llegit una mica sobre l&#8217;epoca en la que vius tu, el segle XIX. Concretament sobre la revoluci\u00f3 industrial i les condicions en les que treballeu els infant a les f\u00e0briques. Sincerament m&#8217;estranya que fa nomes 100 anys les coses anessin com anaven. <\/p>\n\n\n\n<p>No et conec molt pero si conec una mica la teva vida i se que no era gaire f\u00e0cil. Des de ben jove treballes moltes hores setmanals i no guanyes ni la meitat del que ara es guanyaria treballant tantes hores. Ara, els nens podem comen\u00e7ar a treballar a partir del 16 anys, i fins aleshores, estudiem a l&#8217;institut, 6 hores diaries, 5 dies a la setmana, un total de 30 hores.<\/p>\n\n\n\n<p>I no parlem de les condicions en les que treballeu! No exsistien contractes de treball, les vostres jornades s\u00f3n de m\u00e9s de 12 hores i tampoc no hi havia cap sistema de previsi\u00f3 i molt menys cap servei sanitari.<\/p>\n\n\n\n<p>Mira, he trobat unes fotos que em semblen una bojeria:<\/p>\n\n\n\n<figure class=\"wp-block-image is-resized\"><img decoding=\"async\" loading=\"lazy\" src=\"http:\/\/institutviladomat.cat\/portfoli\/15marcardid\/wp-content\/uploads\/sites\/40\/2018\/05\/2271a8ab-2f99-4fbc-bc02-b5272f28ea29.jpg\" alt=\"Imatge relacionada\" width=\"445\" height=\"324\" \/><\/figure>\n\n\n\n<figure class=\"wp-block-image is-resized\"><img decoding=\"async\" loading=\"lazy\" src=\"https:\/\/historiadelvestit.files.wordpress.com\/2016\/04\/1912_port_royals.jpg\" alt=\"Resultat d'imatges de la revoluci\u00c3\u00b3 industrial i els infants\" width=\"434\" height=\"348\" \/><\/figure>\n\n\n\n<p>Els nens esteu tot bruts i amb la roba vella i estripada, fins i tot no porteu sabates! Segur que es perqu\u00e8 no us en podeu permetre unes. A m\u00e9s, segur que deuen estar circulant moltes malalties i la gent deu estar patint molt. <\/p>\n\n\n\n<p>La veritat&nbsp;\u00e9s&nbsp;que gr\u00e0cies a aix\u00f2 m\u2019he&nbsp;donat&nbsp;conta de la sort que tinc de no haver d&#8217;estar treballant aixi com vosaltres. Nom\u00e8s et puc dir que ho sento molt per tot el que estas passant i gr\u00e0cies per haver lluitat per canviar-ho. Tot l&#8217;esfor\u00e7 fet ha valgut la pena.<\/p>\n\n\n\n<p>Una abra\u00e7a i molts \u00e0nims,<\/p>\n\n\n\n<p>Ona.<\/p>\n","protected":false},"excerpt":{"rendered":"<p>Hola, Pel noi o noia que rebi aquesta carta, s\u00f3c l&#8217;Ona Gracia, una alumna de 3r d&#8217;ESO d&#8217;un institut de Barcelona i t&#8217;escric des de l&#8217;any 2019. Suposo&#8230;<\/p>\n","protected":false},"author":97,"featured_media":900,"comment_status":"open","ping_status":"open","sticky":false,"template":"","format":"standard","meta":{"footnotes":""},"categories":[48,41,1],"tags":[],"_links":{"self":[{"href":"https:\/\/institutviladomat.cat\/portfoli\/16onagracia\/wp-json\/wp\/v2\/posts\/896"}],"collection":[{"href":"https:\/\/institutviladomat.cat\/portfoli\/16onagracia\/wp-json\/wp\/v2\/posts"}],"about":[{"href":"https:\/\/institutviladomat.cat\/portfoli\/16onagracia\/wp-json\/wp\/v2\/types\/post"}],"author":[{"embeddable":true,"href":"https:\/\/institutviladomat.cat\/portfoli\/16onagracia\/wp-json\/wp\/v2\/users\/97"}],"replies":[{"embeddable":true,"href":"https:\/\/institutviladomat.cat\/portfoli\/16onagracia\/wp-json\/wp\/v2\/comments?post=896"}],"version-history":[{"count":3,"href":"https:\/\/institutviladomat.cat\/portfoli\/16onagracia\/wp-json\/wp\/v2\/posts\/896\/revisions"}],"predecessor-version":[{"id":899,"href":"https:\/\/institutviladomat.cat\/portfoli\/16onagracia\/wp-json\/wp\/v2\/posts\/896\/revisions\/899"}],"wp:featuredmedia":[{"embeddable":true,"href":"https:\/\/institutviladomat.cat\/portfoli\/16onagracia\/wp-json\/wp\/v2\/media\/900"}],"wp:attachment":[{"href":"https:\/\/institutviladomat.cat\/portfoli\/16onagracia\/wp-json\/wp\/v2\/media?parent=896"}],"wp:term":[{"taxonomy":"category","embeddable":true,"href":"https:\/\/institutviladomat.cat\/portfoli\/16onagracia\/wp-json\/wp\/v2\/categories?post=896"},{"taxonomy":"post_tag","embeddable":true,"href":"https:\/\/institutviladomat.cat\/portfoli\/16onagracia\/wp-json\/wp\/v2\/tags?post=896"}],"curies":[{"name":"wp","href":"https:\/\/api.w.org\/{rel}","templated":true}]}}