{"id":346,"date":"2017-06-13T09:45:15","date_gmt":"2017-06-13T09:45:15","guid":{"rendered":"http:\/\/institutviladomat.cat\/portfoli\/16rocioterradez\/?p=346"},"modified":"2019-01-28T19:55:24","modified_gmt":"2019-01-28T19:55:24","slug":"volemacollir","status":"publish","type":"post","link":"https:\/\/institutviladomat.cat\/portfoli\/16rocioterradez\/2017\/06\/13\/volemacollir\/","title":{"rendered":"#VolemAcollir"},"content":{"rendered":"<p>Volem Acollir \u00e9s un projecte per acollir als refugiats de diferents pa\u00efsos com\u00a0Afganist\u00e1n, Iraq, Som\u00e0lia, etc. A l&#8217;institut hem llegit diferents hist\u00f2ries de nens i nenes refugiats\/des. Hem reflexionat sobre com estan vivint i que a m\u00e9s de no tenir els drets que haurien de tenir, les seves fam\u00edlies, cases i \u00e9ssers estimats s&#8217;estan morint, ja sigui a la guerra com a l&#8217;oce\u00e0.<\/p>\n<p><img decoding=\"async\" loading=\"lazy\" class=\"alignnone size-medium\" src=\"http:\/\/www.photographicsocialvision.org\/webwp\/wp-content\/uploads\/16179136_1503555113007693_5532747739300993925_o.jpg\" width=\"2400\" height=\"888\" \/><br \/>\n<img decoding=\"async\" loading=\"lazy\" class=\"alignnone size-medium wp-image-348\" src=\"http:\/\/institutviladomat.cat\/portfoli\/16rocioterradez\/wp-content\/uploads\/sites\/127\/2017\/06\/32054800784_9834820235_m.jpg\" alt=\"\" width=\"240\" height=\"180\" \/> <img decoding=\"async\" loading=\"lazy\" class=\"alignnone size-medium wp-image-349\" src=\"http:\/\/institutviladomat.cat\/portfoli\/16rocioterradez\/wp-content\/uploads\/sites\/127\/2017\/06\/32054801374_db73fabba1_m.jpg\" alt=\"\" width=\"240\" height=\"180\" \/> <img decoding=\"async\" loading=\"lazy\" class=\"alignnone size-medium wp-image-350\" src=\"http:\/\/institutviladomat.cat\/portfoli\/16rocioterradez\/wp-content\/uploads\/sites\/127\/2017\/06\/32773446181_ec4ef39de9_m.jpg\" alt=\"\" width=\"240\" height=\"180\" \/><\/p>\n","protected":false},"excerpt":{"rendered":"<p>Volem Acollir \u00e9s un projecte per acollir als refugiats de diferents pa\u00efsos com\u00a0Afganist\u00e1n, Iraq, Som\u00e0lia, etc. A l&#8217;institut hem llegit diferents hist\u00f2ries de nens i nenes refugiats\/des. Hem&#8230;<\/p>\n","protected":false},"author":129,"featured_media":347,"comment_status":"open","ping_status":"open","sticky":false,"template":"","format":"standard","meta":{"footnotes":""},"categories":[2,1,13],"tags":[],"_links":{"self":[{"href":"https:\/\/institutviladomat.cat\/portfoli\/16rocioterradez\/wp-json\/wp\/v2\/posts\/346"}],"collection":[{"href":"https:\/\/institutviladomat.cat\/portfoli\/16rocioterradez\/wp-json\/wp\/v2\/posts"}],"about":[{"href":"https:\/\/institutviladomat.cat\/portfoli\/16rocioterradez\/wp-json\/wp\/v2\/types\/post"}],"author":[{"embeddable":true,"href":"https:\/\/institutviladomat.cat\/portfoli\/16rocioterradez\/wp-json\/wp\/v2\/users\/129"}],"replies":[{"embeddable":true,"href":"https:\/\/institutviladomat.cat\/portfoli\/16rocioterradez\/wp-json\/wp\/v2\/comments?post=346"}],"version-history":[{"count":2,"href":"https:\/\/institutviladomat.cat\/portfoli\/16rocioterradez\/wp-json\/wp\/v2\/posts\/346\/revisions"}],"predecessor-version":[{"id":352,"href":"https:\/\/institutviladomat.cat\/portfoli\/16rocioterradez\/wp-json\/wp\/v2\/posts\/346\/revisions\/352"}],"wp:featuredmedia":[{"embeddable":true,"href":"https:\/\/institutviladomat.cat\/portfoli\/16rocioterradez\/wp-json\/wp\/v2\/media\/347"}],"wp:attachment":[{"href":"https:\/\/institutviladomat.cat\/portfoli\/16rocioterradez\/wp-json\/wp\/v2\/media?parent=346"}],"wp:term":[{"taxonomy":"category","embeddable":true,"href":"https:\/\/institutviladomat.cat\/portfoli\/16rocioterradez\/wp-json\/wp\/v2\/categories?post=346"},{"taxonomy":"post_tag","embeddable":true,"href":"https:\/\/institutviladomat.cat\/portfoli\/16rocioterradez\/wp-json\/wp\/v2\/tags?post=346"}],"curies":[{"name":"wp","href":"https:\/\/api.w.org\/{rel}","templated":true}]}}