{"id":492,"date":"2017-11-28T21:15:29","date_gmt":"2017-11-28T21:15:29","guid":{"rendered":"http:\/\/institutviladomat.cat\/portfoli\/16rocioterradez\/?p=492"},"modified":"2017-11-28T21:25:49","modified_gmt":"2017-11-28T21:25:49","slug":"noticia-exposicio-joana-biarnes","status":"publish","type":"post","link":"https:\/\/institutviladomat.cat\/portfoli\/16rocioterradez\/2017\/11\/28\/noticia-exposicio-joana-biarnes\/","title":{"rendered":"Not\u00edcia: exposici\u00f3 Joana Biarn\u00e9s"},"content":{"rendered":"<p style=\"text-align: left\"><strong>Joana\u00a0Biarn\u00e9s, la primera fotoperiodista\u00a0dona\u00a0a Espanya, porta al Palau Robert una exposici\u00f3 amb m\u00e9s de 90 fotografies seves.<\/strong><\/p>\n<p>Nascuda a Terrassa\u00a0l&#8217;any 1935, Joana va ser la primera fotoperiodista\u00a0a escala nacional. Va lluitar tota la seva vida per aconseguir el que ara \u00e9s; i va ser una lluita dif\u00edcil, ja que ning\u00fa l&#8217;acceptava a la seva feina nom\u00e9s pel fet de ser dona.<\/p>\n<p>&#8220;Joana\u00a0Biarn\u00e9s: a contracorrent&#8221; \u00e9s una exposici\u00f3 que ens porta moltes de les\u00a0meravelles\u00a0fotogr\u00e0fiques de Joana, com ara fotografies \u00faniques de grans com Dal\u00ed,\u00a0Raphael\u00a0o\u00a0The\u00a0Beatles. Podeu visitar-la des\u00a0del\u00a0divendres 27\/10\/17 fins al dilluns 02\/04\/18, a les sales 1-2 del Palau Robert (Passeig de Gr\u00e0cia 107).<\/p>\n","protected":false},"excerpt":{"rendered":"<p>Joana\u00a0Biarn\u00e9s, la primera fotoperiodista\u00a0dona\u00a0a Espanya, porta al Palau Robert una exposici\u00f3 amb m\u00e9s de 90 fotografies seves. Nascuda a Terrassa\u00a0l&#8217;any 1935, Joana va ser la primera fotoperiodista\u00a0a escala&#8230;<\/p>\n","protected":false},"author":129,"featured_media":493,"comment_status":"open","ping_status":"open","sticky":false,"template":"","format":"standard","meta":{"footnotes":""},"categories":[17,1,19],"tags":[],"_links":{"self":[{"href":"https:\/\/institutviladomat.cat\/portfoli\/16rocioterradez\/wp-json\/wp\/v2\/posts\/492"}],"collection":[{"href":"https:\/\/institutviladomat.cat\/portfoli\/16rocioterradez\/wp-json\/wp\/v2\/posts"}],"about":[{"href":"https:\/\/institutviladomat.cat\/portfoli\/16rocioterradez\/wp-json\/wp\/v2\/types\/post"}],"author":[{"embeddable":true,"href":"https:\/\/institutviladomat.cat\/portfoli\/16rocioterradez\/wp-json\/wp\/v2\/users\/129"}],"replies":[{"embeddable":true,"href":"https:\/\/institutviladomat.cat\/portfoli\/16rocioterradez\/wp-json\/wp\/v2\/comments?post=492"}],"version-history":[{"count":6,"href":"https:\/\/institutviladomat.cat\/portfoli\/16rocioterradez\/wp-json\/wp\/v2\/posts\/492\/revisions"}],"predecessor-version":[{"id":500,"href":"https:\/\/institutviladomat.cat\/portfoli\/16rocioterradez\/wp-json\/wp\/v2\/posts\/492\/revisions\/500"}],"wp:featuredmedia":[{"embeddable":true,"href":"https:\/\/institutviladomat.cat\/portfoli\/16rocioterradez\/wp-json\/wp\/v2\/media\/493"}],"wp:attachment":[{"href":"https:\/\/institutviladomat.cat\/portfoli\/16rocioterradez\/wp-json\/wp\/v2\/media?parent=492"}],"wp:term":[{"taxonomy":"category","embeddable":true,"href":"https:\/\/institutviladomat.cat\/portfoli\/16rocioterradez\/wp-json\/wp\/v2\/categories?post=492"},{"taxonomy":"post_tag","embeddable":true,"href":"https:\/\/institutviladomat.cat\/portfoli\/16rocioterradez\/wp-json\/wp\/v2\/tags?post=492"}],"curies":[{"name":"wp","href":"https:\/\/api.w.org\/{rel}","templated":true}]}}