{"id":557,"date":"2018-03-20T17:10:12","date_gmt":"2018-03-20T17:10:12","guid":{"rendered":"http:\/\/institutviladomat.cat\/portfoli\/16rocioterradez\/?p=557"},"modified":"2018-03-20T17:11:23","modified_gmt":"2018-03-20T17:11:23","slug":"analisi-dillustradors","status":"publish","type":"post","link":"https:\/\/institutviladomat.cat\/portfoli\/16rocioterradez\/2018\/03\/20\/analisi-dillustradors\/","title":{"rendered":"An\u00e0lisi d&#8217;il\u00b7lustradors"},"content":{"rendered":"<p>Aquest \u00e9s un an\u00e0lisi del il\u00b7lustradors de dos imatges que m&#8217;han agradat de l&#8217;<a href=\"http:\/\/www.apic.es\/\" target=\"_blank\" rel=\"noopener\">Associaci\u00f3 Professional d&#8217;il\u00b7lustradors de Catalunya (APIC)<\/a>:<\/p>\n<p>&#8212;&#8212;&#8212;&#8212;&#8212;&#8212;&#8212;&#8212;&#8212;&#8212;&#8212;&#8212;&#8212;&#8212;&#8212;&#8212;&#8212;&#8212;&#8212;&#8212;&#8212;&#8212;&#8212;&#8212;&#8212;&#8212;&#8212;&#8212;&#8212;&#8212;-<\/p>\n<p><strong>Nom de l&#8217;il\u00b7lustrador:<\/strong>\u00a0<a href=\"http:\/\/www.apic.es\/author\/christasoriano\/\" target=\"_blank\" rel=\"noopener\">Christa Soriano Michel<\/a><\/p>\n<p><strong>T\u00e8cnica:<\/strong> Carb\u00f3<\/p>\n<p><strong>Perqu\u00e8 m&#8217;ha agradat?:<\/strong> M&#8217;agrada com juga amb la intensitat del carb\u00f3 en diferents parts, hi ha l\u00ednies m\u00e9s fortes i d&#8217;altres m\u00e9s fluixes. Tamb\u00e9 m&#8217;agrada com els dibuixos s\u00f3n degradat.<\/p>\n<p><strong>Imatges:<\/strong>\u00a0<em>\u00a0<\/em><\/p>\n<p><em>Dr\u00e0cula, de Bram Stoker<br \/>\n<\/em><\/p>\n<p><img decoding=\"async\" loading=\"lazy\" class=\"\" src=\"http:\/\/www.apic.es\/wp-content\/uploads\/2018\/02\/Ddracula_portada_petit.jpg\" width=\"392\" height=\"284\" \/><\/p>\n<p><em>Tren<\/em><\/p>\n<p><img decoding=\"async\" loading=\"lazy\" class=\"\" src=\"http:\/\/www.apic.es\/wp-content\/uploads\/2018\/02\/Ddracula_tren.jpg\" width=\"295\" height=\"425\" \/><\/p>\n<p><em>Proa<\/em><\/p>\n<p><img decoding=\"async\" loading=\"lazy\" class=\"\" src=\"http:\/\/www.apic.es\/wp-content\/uploads\/2018\/02\/Ddracula_proa.jpg\" alt=\"Dr\u00e0cula, de Bram Stoker\" width=\"316\" height=\"454\" \/><\/p>\n<p>&nbsp;<\/p>\n<p><strong>Nom de l&#8217;il\u00b7lustrador:<\/strong>\u00a0<a href=\"http:\/\/www.apic.es\/author\/emma-pumarola-sirvent\/\" target=\"_blank\" rel=\"noopener\">Emma Pumarola Sirvent<\/a><\/p>\n<p><strong>T\u00e8cnica:<\/strong> Aquarel\u00b7la<\/p>\n<p><strong>Perqu\u00e8 m&#8217;ha agradat?:<\/strong> M&#8217;agraden molt els colors que utilitza i com els combina en una mateixa il\u00b7lustraci\u00f3.<\/p>\n<p><strong>Imatges<\/strong><\/p>\n<p><em>Savi en un Zigurat<\/em><\/p>\n<p><img decoding=\"async\" loading=\"lazy\" class=\"\" src=\"http:\/\/www.apic.es\/wp-content\/uploads\/2016\/07\/01-el-ban%CC%83o-del-cuento-de-los-martes-aire-de-barcelona-emma-pumarola-watercolor-zigurat-acuarelas-aquareles-martes-de-cuento.jpg\" width=\"455\" height=\"326\" \/><\/p>\n<p><em>Blancaneus<\/em><\/p>\n<p><img decoding=\"async\" loading=\"lazy\" class=\"\" src=\"http:\/\/www.apic.es\/wp-content\/uploads\/2016\/07\/blancanieves_1b.jpg\" width=\"471\" height=\"323\" \/><\/p>\n<p><em>Cuques de llum<\/em><\/p>\n<p><img decoding=\"async\" loading=\"lazy\" class=\"\" src=\"http:\/\/www.apic.es\/wp-content\/uploads\/2016\/07\/03-bosc-bosque-forest-aquarel%C2%B7les-acuarelas-watercolor-emma-pumarola-anilinas.jpg\" alt=\"Cuques de llum\" width=\"388\" height=\"218\" \/><\/p>\n<p><em>Arbre realista<\/em><\/p>\n<p><img decoding=\"async\" loading=\"lazy\" class=\"\" src=\"http:\/\/www.apic.es\/wp-content\/uploads\/2016\/07\/arbre-parc-guinardo-emma-pumarola-sirvent-arbol-tree-barcelona-grafit-grafito-graphite.jpg\" alt=\"Arbre Realista\" width=\"374\" height=\"264\" \/><\/p>\n","protected":false},"excerpt":{"rendered":"<p>Aquest \u00e9s un an\u00e0lisi del il\u00b7lustradors de dos imatges que m&#8217;han agradat de l&#8217;Associaci\u00f3 Professional d&#8217;il\u00b7lustradors de Catalunya (APIC): &#8212;&#8212;&#8212;&#8212;&#8212;&#8212;&#8212;&#8212;&#8212;&#8212;&#8212;&#8212;&#8212;&#8212;&#8212;&#8212;&#8212;&#8212;&#8212;&#8212;&#8212;&#8212;&#8212;&#8212;&#8212;&#8212;&#8212;&#8212;&#8212;&#8212;- Nom de l&#8217;il\u00b7lustrador:\u00a0Christa Soriano Michel T\u00e8cnica: Carb\u00f3 Perqu\u00e8&#8230;<\/p>\n","protected":false},"author":129,"featured_media":558,"comment_status":"open","ping_status":"open","sticky":false,"template":"","format":"standard","meta":{"footnotes":""},"categories":[17,1,23],"tags":[],"_links":{"self":[{"href":"https:\/\/institutviladomat.cat\/portfoli\/16rocioterradez\/wp-json\/wp\/v2\/posts\/557"}],"collection":[{"href":"https:\/\/institutviladomat.cat\/portfoli\/16rocioterradez\/wp-json\/wp\/v2\/posts"}],"about":[{"href":"https:\/\/institutviladomat.cat\/portfoli\/16rocioterradez\/wp-json\/wp\/v2\/types\/post"}],"author":[{"embeddable":true,"href":"https:\/\/institutviladomat.cat\/portfoli\/16rocioterradez\/wp-json\/wp\/v2\/users\/129"}],"replies":[{"embeddable":true,"href":"https:\/\/institutviladomat.cat\/portfoli\/16rocioterradez\/wp-json\/wp\/v2\/comments?post=557"}],"version-history":[{"count":2,"href":"https:\/\/institutviladomat.cat\/portfoli\/16rocioterradez\/wp-json\/wp\/v2\/posts\/557\/revisions"}],"predecessor-version":[{"id":560,"href":"https:\/\/institutviladomat.cat\/portfoli\/16rocioterradez\/wp-json\/wp\/v2\/posts\/557\/revisions\/560"}],"wp:featuredmedia":[{"embeddable":true,"href":"https:\/\/institutviladomat.cat\/portfoli\/16rocioterradez\/wp-json\/wp\/v2\/media\/558"}],"wp:attachment":[{"href":"https:\/\/institutviladomat.cat\/portfoli\/16rocioterradez\/wp-json\/wp\/v2\/media?parent=557"}],"wp:term":[{"taxonomy":"category","embeddable":true,"href":"https:\/\/institutviladomat.cat\/portfoli\/16rocioterradez\/wp-json\/wp\/v2\/categories?post=557"},{"taxonomy":"post_tag","embeddable":true,"href":"https:\/\/institutviladomat.cat\/portfoli\/16rocioterradez\/wp-json\/wp\/v2\/tags?post=557"}],"curies":[{"name":"wp","href":"https:\/\/api.w.org\/{rel}","templated":true}]}}