{"id":696,"date":"2018-12-03T12:59:28","date_gmt":"2018-12-03T12:59:28","guid":{"rendered":"http:\/\/institutviladomat.cat\/portfoli\/16rocioterradez\/?p=696"},"modified":"2019-05-20T06:44:48","modified_gmt":"2019-05-20T06:44:48","slug":"comentario-sobre-el-lazarillo","status":"publish","type":"post","link":"https:\/\/institutviladomat.cat\/portfoli\/16rocioterradez\/2018\/12\/03\/comentario-sobre-el-lazarillo\/","title":{"rendered":"Comentario sobre el Lazarillo"},"content":{"rendered":"<p><strong>1. Autor\u00eda<\/strong><\/p>\n<p>Aunque no se sabe qui\u00e9n escribi\u00f3&nbsp;<em>Lazarillo de Tormes<\/em>, ya que el autor no escribi\u00f3 su nombre, hay algunas teor\u00edas sobre qui\u00e9n pudo haber sido.<\/p>\n<p>Rosa Navarro Dur\u00e1n, la mujer que escribi\u00f3 la adaptaci\u00f3n que nosotros le\u00edmos, afirma que fue <em>Alfonso de Vald\u00e9s<\/em>, secretario de cartas latinas del emperador Carlos V. Seg\u00fan ella, &#8220;no hay m\u00e1s que fijarse en el t\u00edtulo, <em>La vida de Lazarillo de Tormes, de sus fortunas y adversidades<\/em>&#8220;, coger las tres primeras letras y girarlas (La v-&gt; Val) y las tres \u00faltimas (des) y juntarlas: Vald\u00e9s. Esto, claramente, entre otras pruebas que tiene para reforzar su teor\u00eda.<\/p>\n<p>Tambi\u00e9n la pale\u00f3grafa Mercedes Agull\u00f3 tiene su teor\u00eda de que el autor fue&nbsp;<em>Diego Hurtado de Mendoza<\/em>. Esto lo public\u00f3 en su libro &#8220;A vueltas con el Lazarillo&#8221; y se basa en los documentos de la testamentar\u00eda del cronista L\u00f3pez de Velasco. Esta es una opci\u00f3n bastante considerada.<\/p>\n<p><strong>2. Qu\u00e9 critica el autor<\/strong><\/p>\n<p>En general el Lazarillo de Tormes critica a la alta sociedad de la \u00e9poca: el Renacimiento. Habla de la avaricia y el ego\u00edsmo de la gente con dinero y poder, y de c\u00f3mo sus amos le trataban de una manera despectiva. No le daban casi comida ni abrigo, y le castigaban severamente cuando no hac\u00eda las cosas exactamente como ellos le ordenaban.<\/p>\n","protected":false},"excerpt":{"rendered":"<p>1. Autor\u00eda Aunque no se sabe qui\u00e9n escribi\u00f3&nbsp;Lazarillo de Tormes, ya que el autor no escribi\u00f3 su nombre, hay algunas teor\u00edas sobre qui\u00e9n pudo haber sido. Rosa Navarro&#8230;<\/p>\n","protected":false},"author":129,"featured_media":698,"comment_status":"open","ping_status":"open","sticky":false,"template":"","format":"standard","meta":{"footnotes":""},"categories":[28,1,30],"tags":[],"_links":{"self":[{"href":"https:\/\/institutviladomat.cat\/portfoli\/16rocioterradez\/wp-json\/wp\/v2\/posts\/696"}],"collection":[{"href":"https:\/\/institutviladomat.cat\/portfoli\/16rocioterradez\/wp-json\/wp\/v2\/posts"}],"about":[{"href":"https:\/\/institutviladomat.cat\/portfoli\/16rocioterradez\/wp-json\/wp\/v2\/types\/post"}],"author":[{"embeddable":true,"href":"https:\/\/institutviladomat.cat\/portfoli\/16rocioterradez\/wp-json\/wp\/v2\/users\/129"}],"replies":[{"embeddable":true,"href":"https:\/\/institutviladomat.cat\/portfoli\/16rocioterradez\/wp-json\/wp\/v2\/comments?post=696"}],"version-history":[{"count":3,"href":"https:\/\/institutviladomat.cat\/portfoli\/16rocioterradez\/wp-json\/wp\/v2\/posts\/696\/revisions"}],"predecessor-version":[{"id":855,"href":"https:\/\/institutviladomat.cat\/portfoli\/16rocioterradez\/wp-json\/wp\/v2\/posts\/696\/revisions\/855"}],"wp:featuredmedia":[{"embeddable":true,"href":"https:\/\/institutviladomat.cat\/portfoli\/16rocioterradez\/wp-json\/wp\/v2\/media\/698"}],"wp:attachment":[{"href":"https:\/\/institutviladomat.cat\/portfoli\/16rocioterradez\/wp-json\/wp\/v2\/media?parent=696"}],"wp:term":[{"taxonomy":"category","embeddable":true,"href":"https:\/\/institutviladomat.cat\/portfoli\/16rocioterradez\/wp-json\/wp\/v2\/categories?post=696"},{"taxonomy":"post_tag","embeddable":true,"href":"https:\/\/institutviladomat.cat\/portfoli\/16rocioterradez\/wp-json\/wp\/v2\/tags?post=696"}],"curies":[{"name":"wp","href":"https:\/\/api.w.org\/{rel}","templated":true}]}}