{"id":721,"date":"2018-10-22T07:38:58","date_gmt":"2018-10-22T07:38:58","guid":{"rendered":"http:\/\/institutviladomat.cat\/portfoli\/16rocioterradez\/?p=721"},"modified":"2018-12-18T07:41:04","modified_gmt":"2018-12-18T07:41:04","slug":"mar-i-cel","status":"publish","type":"post","link":"https:\/\/institutviladomat.cat\/portfoli\/16rocioterradez\/2018\/10\/22\/mar-i-cel\/","title":{"rendered":"Mar i cel"},"content":{"rendered":"\n<p>Avui hem comen\u00e7at la nova situaci\u00f3: Mediterr\u00e0nia. Hem vist el musical Mar i cel, interpretada per Dagoll Dagom.<br><\/p>\n\n\n\n<p>La trama parla del segle XVII, el problema entre Espanya i els moriscos. L\u2019escenografia \u00e9s un vaixell on viatgen pirates moriscos, on els actors canten, interpreten i ballen durant tota l\u2019obra. El caos comen\u00e7a quan aborden el vaixell cristi\u00e0 per poder aconseguir un bon rescat. Rapten al virrei de Val\u00e8ncia amb la seva fam\u00edlia, tamb\u00e9 a la seva filla. Hi ha una hist\u00f2ria d\u2019amor entre el capit\u00e0 del vaixell morisc, en Sa\u00efd, i la filla del virrei, la Blanca.<br><\/p>\n\n\n\n<p>A mi m\u2019agraden els musicals en general, i aquest m\u2019ha agradat molt. He sentit moltes emocions, i m\u2019hagu\u00e9s agradat poder veure-ho al teatre.<br><\/p>\n","protected":false},"excerpt":{"rendered":"<p>Avui hem comen\u00e7at la nova situaci\u00f3: Mediterr\u00e0nia. Hem vist el musical Mar i cel, interpretada per Dagoll Dagom. La trama parla del segle XVII, el problema entre Espanya&#8230;<\/p>\n","protected":false},"author":129,"featured_media":722,"comment_status":"open","ping_status":"open","sticky":false,"template":"","format":"standard","meta":{"footnotes":""},"categories":[28,1,30],"tags":[],"_links":{"self":[{"href":"https:\/\/institutviladomat.cat\/portfoli\/16rocioterradez\/wp-json\/wp\/v2\/posts\/721"}],"collection":[{"href":"https:\/\/institutviladomat.cat\/portfoli\/16rocioterradez\/wp-json\/wp\/v2\/posts"}],"about":[{"href":"https:\/\/institutviladomat.cat\/portfoli\/16rocioterradez\/wp-json\/wp\/v2\/types\/post"}],"author":[{"embeddable":true,"href":"https:\/\/institutviladomat.cat\/portfoli\/16rocioterradez\/wp-json\/wp\/v2\/users\/129"}],"replies":[{"embeddable":true,"href":"https:\/\/institutviladomat.cat\/portfoli\/16rocioterradez\/wp-json\/wp\/v2\/comments?post=721"}],"version-history":[{"count":1,"href":"https:\/\/institutviladomat.cat\/portfoli\/16rocioterradez\/wp-json\/wp\/v2\/posts\/721\/revisions"}],"predecessor-version":[{"id":723,"href":"https:\/\/institutviladomat.cat\/portfoli\/16rocioterradez\/wp-json\/wp\/v2\/posts\/721\/revisions\/723"}],"wp:featuredmedia":[{"embeddable":true,"href":"https:\/\/institutviladomat.cat\/portfoli\/16rocioterradez\/wp-json\/wp\/v2\/media\/722"}],"wp:attachment":[{"href":"https:\/\/institutviladomat.cat\/portfoli\/16rocioterradez\/wp-json\/wp\/v2\/media?parent=721"}],"wp:term":[{"taxonomy":"category","embeddable":true,"href":"https:\/\/institutviladomat.cat\/portfoli\/16rocioterradez\/wp-json\/wp\/v2\/categories?post=721"},{"taxonomy":"post_tag","embeddable":true,"href":"https:\/\/institutviladomat.cat\/portfoli\/16rocioterradez\/wp-json\/wp\/v2\/tags?post=721"}],"curies":[{"name":"wp","href":"https:\/\/api.w.org\/{rel}","templated":true}]}}