{"id":879,"date":"2019-06-10T18:58:21","date_gmt":"2019-06-10T18:58:21","guid":{"rendered":"http:\/\/institutviladomat.cat\/portfoli\/16rocioterradez\/?p=879"},"modified":"2019-06-10T19:04:46","modified_gmt":"2019-06-10T19:04:46","slug":"rp-the-umbrella-academy","status":"publish","type":"post","link":"https:\/\/institutviladomat.cat\/portfoli\/16rocioterradez\/2019\/06\/10\/rp-the-umbrella-academy\/","title":{"rendered":"RP: The Umbrella Academy"},"content":{"rendered":"\n<p>The Umbrella Academy \u00e9s una s\u00e8rie de Netflix, basada en els c\u00f2mics de Gerard Way i Gabriel B\u00e1, que vaig acabar l&#8217;altre dia. Nom\u00e9s t\u00e9 una temporada, ja que va estrenar el 15 de febrer d&#8217;aquest any; i ja han confirmat una segona temporada. Actualment \u00e9s una de les meves s\u00e8ries preferides, juntament amb Stranger Things (Netflix) i Riverdale (The CW). Us deixo <a href=\"https:\/\/youtu.be\/KHucKOK-Vik\" target=\"_blank\" rel=\"noreferrer noopener\" aria-label=\"aqu\u00ed (opens in a new tab)\">aqu\u00ed<\/a> el tr\u00e0iler.<\/p>\n\n\n\n<p>Al voltant del m\u00f3n, un dia d&#8217;octubre de l&#8217;any 1989, van n\u00e9ixer de sobte set nens, dues nenes i cinc nens. Les noies que els van parir no estaven embarassades, per\u00f2 d&#8217;un segon a l&#8217;altre van parir aquests nens particulars. I resulta que tots tenien un poder especial, i per aix\u00f2 van ser adoptats per un ric americ\u00e0: Sir Reginald Hargreeves. Aquest home els va criar com a experiments, de fet els va anomenar amb n\u00fameros. Els entrena perqu\u00e8 siguin superherois, menys a la n\u00famero 7, ja que es pensa que no en t\u00e9 cap poder especial. Tamb\u00e9 va construir un robot amb forma humana perqu\u00e8 sigu\u00e9s la seva mare, la Grace. Aquesta dona \u00e9s la que els dona amor i cuida d&#8217;ells, tamb\u00e9 els dona noms:<\/p>\n\n\n\n<ul><li>Number 1: Luther, for\u00e7a sobrenatural<\/li><li>Number 2: Diego, aguanta la respiraci\u00f3 durant molt de temps, tamb\u00e9 \u00e9s expert en llan\u00e7ar ganivets<\/li><li>Number 3: Allison, nom\u00e9s amb dir &#8220;He escoltat un rumor&#8230;&#8221; pot fer que la gent faci el que ella diu<\/li><li>Number 4: Klaus, pot contactar amb els morts<\/li><li>Number 5: Five <em>(desaparegut)<\/em>, pot viatjar en el temps<\/li><li>Number 6: Ben <em>(mort)<\/em>, podia invocar monstres interdimensionals des de dins seu<\/li><li>Number 7: Vanya, es desconeixen els poders<\/li><\/ul>\n\n\n\n<p>I aquests s\u00f3n els protagonistes de la s\u00e8rie. La hist\u00f2ria comen\u00e7a quan es reuneixen els cinc germans (els n\u00fameros 1, 2, 3, 4 i 7) per culpa de la mort del seu pare. Quan de sobte apareix en Cinc, que era al futur (el seu poder \u00e9s viatjar en el temps) i els avisa de l&#8217;apocalipsi que hi haur\u00e0 en vuit dies, els Hargreeves han d&#8217;unir forces per evitar-ho<\/p>\n\n\n\n<p>Com he dit abans, aquesta \u00e9s una de les meves s\u00e8ries preferides actualment, i espero amb molta il\u00b7lusi\u00f3 la segona temporada &#8211; que encara no s&#8217;ha comen\u00e7at a rodar.<\/p>\n","protected":false},"excerpt":{"rendered":"<p>The Umbrella Academy \u00e9s una s\u00e8rie de Netflix, basada en els c\u00f2mics de Gerard Way i Gabriel B\u00e1, que vaig acabar l&#8217;altre dia. Nom\u00e9s t\u00e9 una temporada, ja&#8230;<\/p>\n","protected":false},"author":129,"featured_media":881,"comment_status":"open","ping_status":"open","sticky":false,"template":"","format":"standard","meta":{"footnotes":""},"categories":[28,1,36],"tags":[],"_links":{"self":[{"href":"https:\/\/institutviladomat.cat\/portfoli\/16rocioterradez\/wp-json\/wp\/v2\/posts\/879"}],"collection":[{"href":"https:\/\/institutviladomat.cat\/portfoli\/16rocioterradez\/wp-json\/wp\/v2\/posts"}],"about":[{"href":"https:\/\/institutviladomat.cat\/portfoli\/16rocioterradez\/wp-json\/wp\/v2\/types\/post"}],"author":[{"embeddable":true,"href":"https:\/\/institutviladomat.cat\/portfoli\/16rocioterradez\/wp-json\/wp\/v2\/users\/129"}],"replies":[{"embeddable":true,"href":"https:\/\/institutviladomat.cat\/portfoli\/16rocioterradez\/wp-json\/wp\/v2\/comments?post=879"}],"version-history":[{"count":4,"href":"https:\/\/institutviladomat.cat\/portfoli\/16rocioterradez\/wp-json\/wp\/v2\/posts\/879\/revisions"}],"predecessor-version":[{"id":885,"href":"https:\/\/institutviladomat.cat\/portfoli\/16rocioterradez\/wp-json\/wp\/v2\/posts\/879\/revisions\/885"}],"wp:featuredmedia":[{"embeddable":true,"href":"https:\/\/institutviladomat.cat\/portfoli\/16rocioterradez\/wp-json\/wp\/v2\/media\/881"}],"wp:attachment":[{"href":"https:\/\/institutviladomat.cat\/portfoli\/16rocioterradez\/wp-json\/wp\/v2\/media?parent=879"}],"wp:term":[{"taxonomy":"category","embeddable":true,"href":"https:\/\/institutviladomat.cat\/portfoli\/16rocioterradez\/wp-json\/wp\/v2\/categories?post=879"},{"taxonomy":"post_tag","embeddable":true,"href":"https:\/\/institutviladomat.cat\/portfoli\/16rocioterradez\/wp-json\/wp\/v2\/tags?post=879"}],"curies":[{"name":"wp","href":"https:\/\/api.w.org\/{rel}","templated":true}]}}