{"id":924,"date":"2019-10-25T12:13:00","date_gmt":"2019-10-25T12:13:00","guid":{"rendered":"http:\/\/institutviladomat.cat\/portfoli\/16rocioterradez\/?p=924"},"modified":"2019-10-25T20:39:50","modified_gmt":"2019-10-25T20:39:50","slug":"pellicula-la-ola","status":"publish","type":"post","link":"https:\/\/institutviladomat.cat\/portfoli\/16rocioterradez\/2019\/10\/25\/pellicula-la-ola\/","title":{"rendered":"Pel\u00b7l\u00edcula &#8220;La ola&#8221;"},"content":{"rendered":"\n<p>Avui, pel tancament de la SA 401 hem vist la pel\u00b7l\u00edcula alemanya <em>La ola<\/em> (Die Welle). L&#8217;argument \u00e9s a un batxillerat, on un professor ha de donar una classe d&#8217;autocr\u00e0cia durant una setmana, per\u00f2 no li agrada. Per fer-la m\u00e9s entretinguda, el professor crea a la classe una mena de secta, on ell \u00e9s el cap i els alumnes han de treballar junts com a grup. Tenen uniforme, un s\u00edmbol, una salutaci\u00f3, un nom: <em>La ola<\/em>. La cosa se&#8217;ls va anar una mica de les mans, fins que La ola va comen\u00e7ar a ser una mena de banda de vandalistes.<\/p>\n\n\n\n<p>La pel\u00b7l\u00edcula m&#8217;ha agradat, m&#8217;ha semblat interessant. Crec que m&#8217;identifico m\u00e9s amb la Karo, que \u00e9s la primera que s&#8217;adona que aix\u00f2 de <em>La ola<\/em> s&#8217;est\u00e0 sortint de control. Jo penso que aix\u00f2 \u00e9s veritat, ja que va comen\u00e7ar com un projecte escolar inocent <\/p>\n\n\n\n<p>Crec que s\u00ed \u00e9s veritat que se li escapa de les mans aquest experiment que vol fer amb els seus alumnes, per\u00f2 no m&#8217;ha semblat que les seves intencions hagin estat dolentes. \u00c9s m\u00e9s, al final intenta fer reflexionar als seus alumnes sobre el cam\u00ed que aquest experiment havia recorregut, i fins a on havien arribat amb <em>La ola<\/em>. Penso que \u00e9s dif\u00edcil trobar un l\u00edmit abans de que sigui massa tard, especialment si es tracta amb alumnes adolescents, ja que s\u00f3n m\u00e9s dif\u00edcils de controlar i de posar-los l\u00edmits.<\/p>\n","protected":false},"excerpt":{"rendered":"<p>Avui, pel tancament de la SA 401 hem vist la pel\u00b7l\u00edcula alemanya La ola (Die Welle). L&#8217;argument \u00e9s a un batxillerat, on un professor ha de donar una&#8230;<\/p>\n","protected":false},"author":129,"featured_media":925,"comment_status":"open","ping_status":"open","sticky":false,"template":"","format":"standard","meta":{"footnotes":""},"categories":[37,38],"tags":[],"_links":{"self":[{"href":"https:\/\/institutviladomat.cat\/portfoli\/16rocioterradez\/wp-json\/wp\/v2\/posts\/924"}],"collection":[{"href":"https:\/\/institutviladomat.cat\/portfoli\/16rocioterradez\/wp-json\/wp\/v2\/posts"}],"about":[{"href":"https:\/\/institutviladomat.cat\/portfoli\/16rocioterradez\/wp-json\/wp\/v2\/types\/post"}],"author":[{"embeddable":true,"href":"https:\/\/institutviladomat.cat\/portfoli\/16rocioterradez\/wp-json\/wp\/v2\/users\/129"}],"replies":[{"embeddable":true,"href":"https:\/\/institutviladomat.cat\/portfoli\/16rocioterradez\/wp-json\/wp\/v2\/comments?post=924"}],"version-history":[{"count":1,"href":"https:\/\/institutviladomat.cat\/portfoli\/16rocioterradez\/wp-json\/wp\/v2\/posts\/924\/revisions"}],"predecessor-version":[{"id":926,"href":"https:\/\/institutviladomat.cat\/portfoli\/16rocioterradez\/wp-json\/wp\/v2\/posts\/924\/revisions\/926"}],"wp:featuredmedia":[{"embeddable":true,"href":"https:\/\/institutviladomat.cat\/portfoli\/16rocioterradez\/wp-json\/wp\/v2\/media\/925"}],"wp:attachment":[{"href":"https:\/\/institutviladomat.cat\/portfoli\/16rocioterradez\/wp-json\/wp\/v2\/media?parent=924"}],"wp:term":[{"taxonomy":"category","embeddable":true,"href":"https:\/\/institutviladomat.cat\/portfoli\/16rocioterradez\/wp-json\/wp\/v2\/categories?post=924"},{"taxonomy":"post_tag","embeddable":true,"href":"https:\/\/institutviladomat.cat\/portfoli\/16rocioterradez\/wp-json\/wp\/v2\/tags?post=924"}],"curies":[{"name":"wp","href":"https:\/\/api.w.org\/{rel}","templated":true}]}}