{"id":953,"date":"2020-03-27T17:51:42","date_gmt":"2020-03-27T17:51:42","guid":{"rendered":"http:\/\/institutviladomat.cat\/portfoli\/16rocioterradez\/?p=953"},"modified":"2020-03-27T17:52:39","modified_gmt":"2020-03-27T17:52:39","slug":"indignats-15m-comparteix-un-reportatge","status":"publish","type":"post","link":"https:\/\/institutviladomat.cat\/portfoli\/16rocioterradez\/2020\/03\/27\/indignats-15m-comparteix-un-reportatge\/","title":{"rendered":"INDIGNATS 15M &#8211; comparteix un reportatge"},"content":{"rendered":"\n<p>He triat el reportatge <a rel=\"noreferrer noopener\" href=\"https:\/\/www.ccma.cat\/tv3\/alacarta\/30-minuts\/indignats\/video\/3551230\/\" target=\"_blank\">Indignats<\/a> de TV3, principalment perqu\u00e8 m&#8217;ha semblat un exemple clar de moviments socials, sent aquest en concret molt volumin\u00f3s en massa. Aquest reportatge recull un parell de testimonis (gent a l&#8217;atur de classe mitja-baixa, professors universitaris experts en moviments socials, col\u00b7laboradors de les acampades, activistes, protestants&#8230;) que parlen de les grans protestes que es van fer durant el mes de maig de l&#8217;any 2011. Aquestes manifestacions es van fer principalment a la Puerta del Sol de Madrid i a la Pla\u00e7a Catalunya de Barcelona, per\u00f2 tamb\u00e9 a molts pobles petits de Catalunya.<\/p>\n\n\n\n<p>Tal com diu el seu nom, el reportatge Indignats mostra la indignaci\u00f3 dels ciutadans, generalment de classe mitja-baixa per\u00f2 tamb\u00e9 alguns pol\u00edtics i diputats, per la forma de govern. Demanen uns partits pol\u00edtics no corruptes, i sobretot que es faci alguna cosa respecte a la crisi econ\u00f2mica i l&#8217;atur. Afirmen que el govern actual (any 2011) inverteix m\u00e9s diners en els seus interessos privats que en les necessitats del poble. Es manifesten tamb\u00e9 contra l&#8217;ajuda econ\u00f2mica del govern cap a la banca, per tal que aquesta sort\u00eds de la crisi, quan la crisi en realitat la paguen els ciutadans.<\/p>\n\n\n\n<p>Sorprenentment per a molts, les protestes les van comen\u00e7ar els joves, ja que el 40% es trobava a l&#8217;atur. No obstant aquest comen\u00e7ament, no van trigar a sumar-se gent de totes les edats i g\u00e8neres. Fins i tot es podien veure pallassos i malabaristes amb xanques i pancartes.<\/p>\n\n\n\n<p>I per acabar, una cita que m&#8217;ha cridat l&#8217;atenci\u00f3 i crec que resumeix molt b\u00e9 aquest documental:<\/p>\n\n\n\n<blockquote class=\"wp-block-quote is-layout-flow wp-block-quote-is-layout-flow\"><p>En el fons, el que la gent demana \u00e9s una altra manera de fer pol\u00edtica. Una m\u00e9s representativa, m\u00e9s horitzontal, m\u00e9s propera&#8230; m\u00e9s transparent. Una capa\u00e7 de fer front a la crisi econ\u00f2mica.<\/p><cite>Antoni Guti\u00e9rrez-Rub\u00ed, assessor de comunicaci\u00f3 pol\u00edtica<\/cite><\/blockquote>\n","protected":false},"excerpt":{"rendered":"<p>He triat el reportatge Indignats de TV3, principalment perqu\u00e8 m&#8217;ha semblat un exemple clar de moviments socials, sent aquest en concret molt volumin\u00f3s en massa. Aquest reportatge recull&#8230;<\/p>\n","protected":false},"author":129,"featured_media":954,"comment_status":"open","ping_status":"open","sticky":false,"template":"","format":"standard","meta":{"footnotes":""},"categories":[37,1,41],"tags":[],"_links":{"self":[{"href":"https:\/\/institutviladomat.cat\/portfoli\/16rocioterradez\/wp-json\/wp\/v2\/posts\/953"}],"collection":[{"href":"https:\/\/institutviladomat.cat\/portfoli\/16rocioterradez\/wp-json\/wp\/v2\/posts"}],"about":[{"href":"https:\/\/institutviladomat.cat\/portfoli\/16rocioterradez\/wp-json\/wp\/v2\/types\/post"}],"author":[{"embeddable":true,"href":"https:\/\/institutviladomat.cat\/portfoli\/16rocioterradez\/wp-json\/wp\/v2\/users\/129"}],"replies":[{"embeddable":true,"href":"https:\/\/institutviladomat.cat\/portfoli\/16rocioterradez\/wp-json\/wp\/v2\/comments?post=953"}],"version-history":[{"count":2,"href":"https:\/\/institutviladomat.cat\/portfoli\/16rocioterradez\/wp-json\/wp\/v2\/posts\/953\/revisions"}],"predecessor-version":[{"id":956,"href":"https:\/\/institutviladomat.cat\/portfoli\/16rocioterradez\/wp-json\/wp\/v2\/posts\/953\/revisions\/956"}],"wp:featuredmedia":[{"embeddable":true,"href":"https:\/\/institutviladomat.cat\/portfoli\/16rocioterradez\/wp-json\/wp\/v2\/media\/954"}],"wp:attachment":[{"href":"https:\/\/institutviladomat.cat\/portfoli\/16rocioterradez\/wp-json\/wp\/v2\/media?parent=953"}],"wp:term":[{"taxonomy":"category","embeddable":true,"href":"https:\/\/institutviladomat.cat\/portfoli\/16rocioterradez\/wp-json\/wp\/v2\/categories?post=953"},{"taxonomy":"post_tag","embeddable":true,"href":"https:\/\/institutviladomat.cat\/portfoli\/16rocioterradez\/wp-json\/wp\/v2\/tags?post=953"}],"curies":[{"name":"wp","href":"https:\/\/api.w.org\/{rel}","templated":true}]}}