{"id":106,"date":"2016-10-31T08:47:49","date_gmt":"2016-10-31T08:47:49","guid":{"rendered":"http:\/\/institutviladomat.cat\/portfoli\/16sergisarraute\/?p=106"},"modified":"2017-10-13T12:18:46","modified_gmt":"2017-10-13T12:18:46","slug":"casa-golferichs","status":"publish","type":"post","link":"https:\/\/institutviladomat.cat\/portfoli\/16sergisarraute\/2016\/10\/31\/casa-golferichs\/","title":{"rendered":"Casa Golferichs"},"content":{"rendered":"<p>L&#8217;altre dia vam anar a la antiga casa del senyor Macari Golferichs, coneguda com a Casa Golferichs, on actualment s&#8217;hi estableix la seu de la fundaci\u00f3 Pi i Sunyer.<\/p>\n<p>Qu\u00e8 he apr\u00e8s?<\/p>\n<p>A la sortida em vaig assabentar de que la casa havia sigut la resid\u00e8ncia del senyor Macari Golferichs, un indi\u00e0 que va anar a fer les am\u00e8riques. Tamb\u00e9 vaig aprendre que la Casa Golferichs era d&#8217;estil modernista, per\u00f2 les golfes eren d&#8217;estil neog\u00f2tic, i que la casa havia sigut comprada v\u00e0ries vegades.<\/p>\n<p>Que m&#8217;ha semblat?<\/p>\n<p>La sortida em va semblar for\u00e7a interessant, perqu\u00e8 encara que no hi hagu\u00e8s gu\u00eda, les professores ens ho van ensenyar tot molt b\u00e9, i molt ben esplicat.<\/p>\n<p>Fotografia:<\/p>\n<p><img decoding=\"async\" loading=\"lazy\" class=\"alignnone size-medium wp-image-178\" src=\"http:\/\/institutviladomat.cat\/portfoli\/16sergisarraute\/wp-content\/uploads\/sites\/124\/2016\/10\/casa.golferichs.2011.333-300x274.jpg\" alt=\"\" width=\"300\" height=\"274\" srcset=\"https:\/\/institutviladomat.cat\/portfoli\/16sergisarraute\/wp-content\/uploads\/sites\/124\/2016\/10\/casa.golferichs.2011.333-300x274.jpg 300w, https:\/\/institutviladomat.cat\/portfoli\/16sergisarraute\/wp-content\/uploads\/sites\/124\/2016\/10\/casa.golferichs.2011.333-508x464.jpg 508w, https:\/\/institutviladomat.cat\/portfoli\/16sergisarraute\/wp-content\/uploads\/sites\/124\/2016\/10\/casa.golferichs.2011.333.jpg 664w\" sizes=\"(max-width: 300px) 100vw, 300px\" \/><\/p>\n","protected":false},"excerpt":{"rendered":"<p>L&#8217;altre dia vam anar a la antiga casa del senyor Macari Golferichs, coneguda com a Casa Golferichs, on actualment s&#8217;hi estableix la seu de la fundaci\u00f3 Pi i&#8230;<\/p>\n","protected":false},"author":126,"featured_media":107,"comment_status":"open","ping_status":"open","sticky":false,"template":"","format":"standard","meta":{"footnotes":""},"categories":[37,20],"tags":[],"_links":{"self":[{"href":"https:\/\/institutviladomat.cat\/portfoli\/16sergisarraute\/wp-json\/wp\/v2\/posts\/106"}],"collection":[{"href":"https:\/\/institutviladomat.cat\/portfoli\/16sergisarraute\/wp-json\/wp\/v2\/posts"}],"about":[{"href":"https:\/\/institutviladomat.cat\/portfoli\/16sergisarraute\/wp-json\/wp\/v2\/types\/post"}],"author":[{"embeddable":true,"href":"https:\/\/institutviladomat.cat\/portfoli\/16sergisarraute\/wp-json\/wp\/v2\/users\/126"}],"replies":[{"embeddable":true,"href":"https:\/\/institutviladomat.cat\/portfoli\/16sergisarraute\/wp-json\/wp\/v2\/comments?post=106"}],"version-history":[{"count":3,"href":"https:\/\/institutviladomat.cat\/portfoli\/16sergisarraute\/wp-json\/wp\/v2\/posts\/106\/revisions"}],"predecessor-version":[{"id":179,"href":"https:\/\/institutviladomat.cat\/portfoli\/16sergisarraute\/wp-json\/wp\/v2\/posts\/106\/revisions\/179"}],"wp:featuredmedia":[{"embeddable":true,"href":"https:\/\/institutviladomat.cat\/portfoli\/16sergisarraute\/wp-json\/wp\/v2\/media\/107"}],"wp:attachment":[{"href":"https:\/\/institutviladomat.cat\/portfoli\/16sergisarraute\/wp-json\/wp\/v2\/media?parent=106"}],"wp:term":[{"taxonomy":"category","embeddable":true,"href":"https:\/\/institutviladomat.cat\/portfoli\/16sergisarraute\/wp-json\/wp\/v2\/categories?post=106"},{"taxonomy":"post_tag","embeddable":true,"href":"https:\/\/institutviladomat.cat\/portfoli\/16sergisarraute\/wp-json\/wp\/v2\/tags?post=106"}],"curies":[{"name":"wp","href":"https:\/\/api.w.org\/{rel}","templated":true}]}}