{"id":115,"date":"2016-11-08T16:24:13","date_gmt":"2016-11-08T16:24:13","guid":{"rendered":"http:\/\/institutviladomat.cat\/portfoli\/16sergisarraute\/?p=115"},"modified":"2017-10-13T12:18:34","modified_gmt":"2017-10-13T12:18:34","slug":"eixample-landmark","status":"publish","type":"post","link":"https:\/\/institutviladomat.cat\/portfoli\/16sergisarraute\/2016\/11\/08\/eixample-landmark\/","title":{"rendered":"Eixample Landmark"},"content":{"rendered":"<p>Avui el meu grup i jo, hem fet una presentaci\u00f3 en angl\u00e8s sobre la Casa Batll\u00f3.<\/p>\n<p>La Casa Batll\u00f3 \u00e9s una casa disenyada per l&#8217;arquitecte Antoni Gaud\u00ed i Cornet. La casa \u00e9s al Passeig de Gr\u00e0cia de Barcelona, a la mateixa mansana que la Casa Ametller, de Josep Puig i Cadafalch, i la Casa Lle\u00f3 i Morera, de Llu\u00eds Dom\u00e8nech i Montaner. Les tres estan a la &#8220;Mansana de la Disc\u00f2rdia&#8221;.<\/p>\n<p>&nbsp;<\/p>\n","protected":false},"excerpt":{"rendered":"<p>Avui el meu grup i jo, hem fet una presentaci\u00f3 en angl\u00e8s sobre la Casa Batll\u00f3. La Casa Batll\u00f3 \u00e9s una casa disenyada per l&#8217;arquitecte Antoni Gaud\u00ed i&#8230;<\/p>\n","protected":false},"author":126,"featured_media":117,"comment_status":"open","ping_status":"open","sticky":false,"template":"","format":"standard","meta":{"footnotes":""},"categories":[37,20],"tags":[],"_links":{"self":[{"href":"https:\/\/institutviladomat.cat\/portfoli\/16sergisarraute\/wp-json\/wp\/v2\/posts\/115"}],"collection":[{"href":"https:\/\/institutviladomat.cat\/portfoli\/16sergisarraute\/wp-json\/wp\/v2\/posts"}],"about":[{"href":"https:\/\/institutviladomat.cat\/portfoli\/16sergisarraute\/wp-json\/wp\/v2\/types\/post"}],"author":[{"embeddable":true,"href":"https:\/\/institutviladomat.cat\/portfoli\/16sergisarraute\/wp-json\/wp\/v2\/users\/126"}],"replies":[{"embeddable":true,"href":"https:\/\/institutviladomat.cat\/portfoli\/16sergisarraute\/wp-json\/wp\/v2\/comments?post=115"}],"version-history":[{"count":1,"href":"https:\/\/institutviladomat.cat\/portfoli\/16sergisarraute\/wp-json\/wp\/v2\/posts\/115\/revisions"}],"predecessor-version":[{"id":116,"href":"https:\/\/institutviladomat.cat\/portfoli\/16sergisarraute\/wp-json\/wp\/v2\/posts\/115\/revisions\/116"}],"wp:featuredmedia":[{"embeddable":true,"href":"https:\/\/institutviladomat.cat\/portfoli\/16sergisarraute\/wp-json\/wp\/v2\/media\/117"}],"wp:attachment":[{"href":"https:\/\/institutviladomat.cat\/portfoli\/16sergisarraute\/wp-json\/wp\/v2\/media?parent=115"}],"wp:term":[{"taxonomy":"category","embeddable":true,"href":"https:\/\/institutviladomat.cat\/portfoli\/16sergisarraute\/wp-json\/wp\/v2\/categories?post=115"},{"taxonomy":"post_tag","embeddable":true,"href":"https:\/\/institutviladomat.cat\/portfoli\/16sergisarraute\/wp-json\/wp\/v2\/tags?post=115"}],"curies":[{"name":"wp","href":"https:\/\/api.w.org\/{rel}","templated":true}]}}