{"id":210,"date":"2017-03-21T08:21:14","date_gmt":"2017-03-21T08:21:14","guid":{"rendered":"http:\/\/institutviladomat.cat\/portfoli\/16sergisarraute\/?p=210"},"modified":"2017-10-13T12:16:27","modified_gmt":"2017-10-13T12:16:27","slug":"les-galaxies","status":"publish","type":"post","link":"https:\/\/institutviladomat.cat\/portfoli\/16sergisarraute\/2017\/03\/21\/les-galaxies\/","title":{"rendered":"Les gal\u00e0xies"},"content":{"rendered":"<p>A la classe de l&#8217;Aura hem fet una presentaci\u00f3 del Sistema Solar.<\/p>\n<p>El Sistema Solar es troba en la part lateral de la gal\u00e0xia coneguda com Via L\u00e0ctea.<\/p>\n<p>Aquesta \u00e9s la presentaci\u00f3 que hem fet:<\/p>\n<iframe width=\"100%\" height=\"400\" frameborder=\"0\" scrolling=\"https:\/\/docs.google.com\/a\/institutviladomat.cat\/presentation\/d\/12wLQnqe5WMWjwYXT7TPEq4PlRgfIZAX8dyNKbin-wuQ\/preview\" src=\"https:\/\/docs.google.com\/a\/institutviladomat.cat\/presentation\/d\/12wLQnqe5WMWjwYXT7TPEq4PlRgfIZAX8dyNKbin-wuQ\/preview\"><\/iframe>\n<p>&nbsp;<\/p>\n<p>Aquesta \u00e9s una fotografia:<\/p>\n<p><img decoding=\"async\" src=\"http:\/\/images01.estovalelapena.com\/images\/2015\/06\/26\/sistema-solar-plano-3-minutos-tendras-respuesta-143532972913763296.jpg\" alt=\"Resultat d'imatges de el sistema solar\" \/><\/p>\n","protected":false},"excerpt":{"rendered":"<p>A la classe de l&#8217;Aura hem fet una presentaci\u00f3 del Sistema Solar. El Sistema Solar es troba en la part lateral de la gal\u00e0xia coneguda com Via L\u00e0ctea&#8230;.<\/p>\n","protected":false},"author":126,"featured_media":211,"comment_status":"open","ping_status":"open","sticky":false,"template":"","format":"standard","meta":{"footnotes":""},"categories":[37,13],"tags":[],"_links":{"self":[{"href":"https:\/\/institutviladomat.cat\/portfoli\/16sergisarraute\/wp-json\/wp\/v2\/posts\/210"}],"collection":[{"href":"https:\/\/institutviladomat.cat\/portfoli\/16sergisarraute\/wp-json\/wp\/v2\/posts"}],"about":[{"href":"https:\/\/institutviladomat.cat\/portfoli\/16sergisarraute\/wp-json\/wp\/v2\/types\/post"}],"author":[{"embeddable":true,"href":"https:\/\/institutviladomat.cat\/portfoli\/16sergisarraute\/wp-json\/wp\/v2\/users\/126"}],"replies":[{"embeddable":true,"href":"https:\/\/institutviladomat.cat\/portfoli\/16sergisarraute\/wp-json\/wp\/v2\/comments?post=210"}],"version-history":[{"count":1,"href":"https:\/\/institutviladomat.cat\/portfoli\/16sergisarraute\/wp-json\/wp\/v2\/posts\/210\/revisions"}],"predecessor-version":[{"id":212,"href":"https:\/\/institutviladomat.cat\/portfoli\/16sergisarraute\/wp-json\/wp\/v2\/posts\/210\/revisions\/212"}],"wp:featuredmedia":[{"embeddable":true,"href":"https:\/\/institutviladomat.cat\/portfoli\/16sergisarraute\/wp-json\/wp\/v2\/media\/211"}],"wp:attachment":[{"href":"https:\/\/institutviladomat.cat\/portfoli\/16sergisarraute\/wp-json\/wp\/v2\/media?parent=210"}],"wp:term":[{"taxonomy":"category","embeddable":true,"href":"https:\/\/institutviladomat.cat\/portfoli\/16sergisarraute\/wp-json\/wp\/v2\/categories?post=210"},{"taxonomy":"post_tag","embeddable":true,"href":"https:\/\/institutviladomat.cat\/portfoli\/16sergisarraute\/wp-json\/wp\/v2\/tags?post=210"}],"curies":[{"name":"wp","href":"https:\/\/api.w.org\/{rel}","templated":true}]}}