{"id":259,"date":"2017-05-19T10:01:06","date_gmt":"2017-05-19T10:01:06","guid":{"rendered":"http:\/\/institutviladomat.cat\/portfoli\/16sergisarraute\/?p=259"},"modified":"2017-10-13T12:15:19","modified_gmt":"2017-10-13T12:15:19","slug":"sortida-a-barcino_introduccio","status":"publish","type":"post","link":"https:\/\/institutviladomat.cat\/portfoli\/16sergisarraute\/2017\/05\/19\/sortida-a-barcino_introduccio\/","title":{"rendered":"Sortida a Barcino_introducci\u00f3"},"content":{"rendered":"<p>La ciutat romana de Barcino va ser fundada l&#8217;any 10 aC. Va evolucionar d&#8217;un campament militar a una ciutat que albergava uns 2.000 habitants. Estava empla\u00e7ada al Mont Taber (16,9) on ara hi ha el casc antic de Barcelona.<\/p>\n<p>El f\u00f2rum era la pla\u00e7a major de llavors, on hi havia mercats&#8230; Davant del f\u00f2rum hi havia el temple de l&#8217;emperador August. El f\u00f2rum de Barcino estava al capdamunt del Mont Taber.<\/p>\n<p>Luci Minici Natal va n\u00e9ixer a Barcelona 97 dC. Fou fill d&#8217;un senador important de Roma i c\u00f2nsol de la prov\u00edncia d&#8217;\u00c0frica (L\u00edbia). Va exercir de c\u00f2nsol i proc\u00f2nsol de la prov\u00edncia d&#8217;\u00c0frica.<\/p>\n<p>He apr\u00e9s moltes coses sobre la Barcelona romana (any, \u00a0ubicaci\u00f3) \u00a0ja que l&#8217;Enric i la Txell ens explicaven moltes coses interessants.<\/p>\n<p>El que m\u00e9s m&#8217;ha sorpr\u00e8s ha sigut que tot estigu\u00e9s tan avan\u00e7at en aquell llavors.<\/p>\n<p>Jo crec que no es podria millorar res va ser molt guai.<\/p>\n<p><img decoding=\"async\" src=\"http:\/\/3.bp.blogspot.com\/-Ba5N1qhe3Bw\/U1YypJYx2-I\/AAAAAAAAqxs\/UGb6pxmxiZc\/s1600\/barcino.muralla.jpg\" alt=\"Resultat d'imatges de barcino\" \/><\/p>\n<p>&nbsp;<\/p>\n","protected":false},"excerpt":{"rendered":"<p>La ciutat romana de Barcino va ser fundada l&#8217;any 10 aC. Va evolucionar d&#8217;un campament militar a una ciutat que albergava uns 2.000 habitants. Estava empla\u00e7ada al Mont&#8230;<\/p>\n","protected":false},"author":126,"featured_media":260,"comment_status":"open","ping_status":"open","sticky":false,"template":"","format":"standard","meta":{"footnotes":""},"categories":[37,16],"tags":[],"_links":{"self":[{"href":"https:\/\/institutviladomat.cat\/portfoli\/16sergisarraute\/wp-json\/wp\/v2\/posts\/259"}],"collection":[{"href":"https:\/\/institutviladomat.cat\/portfoli\/16sergisarraute\/wp-json\/wp\/v2\/posts"}],"about":[{"href":"https:\/\/institutviladomat.cat\/portfoli\/16sergisarraute\/wp-json\/wp\/v2\/types\/post"}],"author":[{"embeddable":true,"href":"https:\/\/institutviladomat.cat\/portfoli\/16sergisarraute\/wp-json\/wp\/v2\/users\/126"}],"replies":[{"embeddable":true,"href":"https:\/\/institutviladomat.cat\/portfoli\/16sergisarraute\/wp-json\/wp\/v2\/comments?post=259"}],"version-history":[{"count":1,"href":"https:\/\/institutviladomat.cat\/portfoli\/16sergisarraute\/wp-json\/wp\/v2\/posts\/259\/revisions"}],"predecessor-version":[{"id":261,"href":"https:\/\/institutviladomat.cat\/portfoli\/16sergisarraute\/wp-json\/wp\/v2\/posts\/259\/revisions\/261"}],"wp:featuredmedia":[{"embeddable":true,"href":"https:\/\/institutviladomat.cat\/portfoli\/16sergisarraute\/wp-json\/wp\/v2\/media\/260"}],"wp:attachment":[{"href":"https:\/\/institutviladomat.cat\/portfoli\/16sergisarraute\/wp-json\/wp\/v2\/media?parent=259"}],"wp:term":[{"taxonomy":"category","embeddable":true,"href":"https:\/\/institutviladomat.cat\/portfoli\/16sergisarraute\/wp-json\/wp\/v2\/categories?post=259"},{"taxonomy":"post_tag","embeddable":true,"href":"https:\/\/institutviladomat.cat\/portfoli\/16sergisarraute\/wp-json\/wp\/v2\/tags?post=259"}],"curies":[{"name":"wp","href":"https:\/\/api.w.org\/{rel}","templated":true}]}}