{"id":262,"date":"2017-05-19T10:14:00","date_gmt":"2017-05-19T10:14:00","guid":{"rendered":"http:\/\/institutviladomat.cat\/portfoli\/16sergisarraute\/?p=262"},"modified":"2017-10-13T12:15:13","modified_gmt":"2017-10-13T12:15:13","slug":"pl-vila-de-madrid","status":"publish","type":"post","link":"https:\/\/institutviladomat.cat\/portfoli\/16sergisarraute\/2017\/05\/19\/pl-vila-de-madrid\/","title":{"rendered":"Pl. Vila de Madrid"},"content":{"rendered":"<p>Hem anat a la Pla\u00e7a de la Vila de Madrid on hi havia una Via Sepulcral plena de tombes de esclaus o lliures.<\/p>\n<p>Aquest tram de la via no est\u00e0 dins de la ciutat romana, aquesta comen\u00e7a a la Pla\u00e7a Nova (la pla\u00e7a de la Catedral).<\/p>\n<p><img decoding=\"async\" src=\"http:\/\/museuhistoria.bcn.cat\/sites\/default\/files\/Articles_Vila_620X300_1.jpg\" \/><\/p>\n","protected":false},"excerpt":{"rendered":"<p>Hem anat a la Pla\u00e7a de la Vila de Madrid on hi havia una Via Sepulcral plena de tombes de esclaus o lliures. Aquest tram de la via&#8230;<\/p>\n","protected":false},"author":126,"featured_media":266,"comment_status":"open","ping_status":"open","sticky":false,"template":"","format":"standard","meta":{"footnotes":""},"categories":[37,16],"tags":[],"_links":{"self":[{"href":"https:\/\/institutviladomat.cat\/portfoli\/16sergisarraute\/wp-json\/wp\/v2\/posts\/262"}],"collection":[{"href":"https:\/\/institutviladomat.cat\/portfoli\/16sergisarraute\/wp-json\/wp\/v2\/posts"}],"about":[{"href":"https:\/\/institutviladomat.cat\/portfoli\/16sergisarraute\/wp-json\/wp\/v2\/types\/post"}],"author":[{"embeddable":true,"href":"https:\/\/institutviladomat.cat\/portfoli\/16sergisarraute\/wp-json\/wp\/v2\/users\/126"}],"replies":[{"embeddable":true,"href":"https:\/\/institutviladomat.cat\/portfoli\/16sergisarraute\/wp-json\/wp\/v2\/comments?post=262"}],"version-history":[{"count":3,"href":"https:\/\/institutviladomat.cat\/portfoli\/16sergisarraute\/wp-json\/wp\/v2\/posts\/262\/revisions"}],"predecessor-version":[{"id":267,"href":"https:\/\/institutviladomat.cat\/portfoli\/16sergisarraute\/wp-json\/wp\/v2\/posts\/262\/revisions\/267"}],"wp:featuredmedia":[{"embeddable":true,"href":"https:\/\/institutviladomat.cat\/portfoli\/16sergisarraute\/wp-json\/wp\/v2\/media\/266"}],"wp:attachment":[{"href":"https:\/\/institutviladomat.cat\/portfoli\/16sergisarraute\/wp-json\/wp\/v2\/media?parent=262"}],"wp:term":[{"taxonomy":"category","embeddable":true,"href":"https:\/\/institutviladomat.cat\/portfoli\/16sergisarraute\/wp-json\/wp\/v2\/categories?post=262"},{"taxonomy":"post_tag","embeddable":true,"href":"https:\/\/institutviladomat.cat\/portfoli\/16sergisarraute\/wp-json\/wp\/v2\/tags?post=262"}],"curies":[{"name":"wp","href":"https:\/\/api.w.org\/{rel}","templated":true}]}}