{"id":269,"date":"2017-05-19T11:23:28","date_gmt":"2017-05-19T11:23:28","guid":{"rendered":"http:\/\/institutviladomat.cat\/portfoli\/16sergisarraute\/?p=269"},"modified":"2017-10-13T12:15:09","modified_gmt":"2017-10-13T12:15:09","slug":"aqueducte","status":"publish","type":"post","link":"https:\/\/institutviladomat.cat\/portfoli\/16sergisarraute\/2017\/05\/19\/aqueducte\/","title":{"rendered":"Aq\u00fceducte"},"content":{"rendered":"<p>L&#8217;aq\u00fceducte de la Pla\u00e7a Nova era l&#8217;aq\u00fceducte que portava aigua de Montcada i Reixac.<\/p>\n<p>Aquest aq\u00fceducte \u00e9s una r\u00e9plica del que hi havia abans perqu\u00e8 aquest es va construir m\u00e9s tard; prop del 1900.<\/p>\n<p>All\u00e0 estava una de les portes d&#8217;entrada, la que mirava a la muntanya. En aquest punt comen\u00e7ava el carrer Decamus Maximus, que acabava a una torre mirant el mar (on actualment hi ha el Centre C\u00edvic Pati Llimona).<\/p>\n<p>V\u00eddeo + imatge:<\/p>\n<p><a href=\"https:\/\/drive.google.com\/drive\/folders\/0B5nwNQJ_fdUoaGFqeTNYVW53Zmc\">https:\/\/drive.google.com\/drive\/folders\/0B5nwNQJ_fdUoaGFqeTNYVW53Zmc<\/a><\/p>\n<p><img decoding=\"async\" loading=\"lazy\" class=\"alignnone size-medium wp-image-272\" src=\"http:\/\/institutviladomat.cat\/portfoli\/16sergisarraute\/wp-content\/uploads\/sites\/124\/2017\/05\/rsz_img_20170518_122526-225x300.jpg\" alt=\"\" width=\"225\" height=\"300\" srcset=\"https:\/\/institutviladomat.cat\/portfoli\/16sergisarraute\/wp-content\/uploads\/sites\/124\/2017\/05\/rsz_img_20170518_122526-225x300.jpg 225w, https:\/\/institutviladomat.cat\/portfoli\/16sergisarraute\/wp-content\/uploads\/sites\/124\/2017\/05\/rsz_img_20170518_122526-768x1024.jpg 768w, https:\/\/institutviladomat.cat\/portfoli\/16sergisarraute\/wp-content\/uploads\/sites\/124\/2017\/05\/rsz_img_20170518_122526-973x1297.jpg 973w, https:\/\/institutviladomat.cat\/portfoli\/16sergisarraute\/wp-content\/uploads\/sites\/124\/2017\/05\/rsz_img_20170518_122526-508x677.jpg 508w, https:\/\/institutviladomat.cat\/portfoli\/16sergisarraute\/wp-content\/uploads\/sites\/124\/2017\/05\/rsz_img_20170518_122526.jpg 1560w\" sizes=\"(max-width: 225px) 100vw, 225px\" \/><\/p>\n<p>&nbsp;<\/p>\n<p>&nbsp;<\/p>\n","protected":false},"excerpt":{"rendered":"<p>L&#8217;aq\u00fceducte de la Pla\u00e7a Nova era l&#8217;aq\u00fceducte que portava aigua de Montcada i Reixac. Aquest aq\u00fceducte \u00e9s una r\u00e9plica del que hi havia abans perqu\u00e8 aquest es va&#8230;<\/p>\n","protected":false},"author":126,"featured_media":273,"comment_status":"open","ping_status":"open","sticky":false,"template":"","format":"standard","meta":{"footnotes":""},"categories":[37,16],"tags":[],"_links":{"self":[{"href":"https:\/\/institutviladomat.cat\/portfoli\/16sergisarraute\/wp-json\/wp\/v2\/posts\/269"}],"collection":[{"href":"https:\/\/institutviladomat.cat\/portfoli\/16sergisarraute\/wp-json\/wp\/v2\/posts"}],"about":[{"href":"https:\/\/institutviladomat.cat\/portfoli\/16sergisarraute\/wp-json\/wp\/v2\/types\/post"}],"author":[{"embeddable":true,"href":"https:\/\/institutviladomat.cat\/portfoli\/16sergisarraute\/wp-json\/wp\/v2\/users\/126"}],"replies":[{"embeddable":true,"href":"https:\/\/institutviladomat.cat\/portfoli\/16sergisarraute\/wp-json\/wp\/v2\/comments?post=269"}],"version-history":[{"count":3,"href":"https:\/\/institutviladomat.cat\/portfoli\/16sergisarraute\/wp-json\/wp\/v2\/posts\/269\/revisions"}],"predecessor-version":[{"id":274,"href":"https:\/\/institutviladomat.cat\/portfoli\/16sergisarraute\/wp-json\/wp\/v2\/posts\/269\/revisions\/274"}],"wp:featuredmedia":[{"embeddable":true,"href":"https:\/\/institutviladomat.cat\/portfoli\/16sergisarraute\/wp-json\/wp\/v2\/media\/273"}],"wp:attachment":[{"href":"https:\/\/institutviladomat.cat\/portfoli\/16sergisarraute\/wp-json\/wp\/v2\/media?parent=269"}],"wp:term":[{"taxonomy":"category","embeddable":true,"href":"https:\/\/institutviladomat.cat\/portfoli\/16sergisarraute\/wp-json\/wp\/v2\/categories?post=269"},{"taxonomy":"post_tag","embeddable":true,"href":"https:\/\/institutviladomat.cat\/portfoli\/16sergisarraute\/wp-json\/wp\/v2\/tags?post=269"}],"curies":[{"name":"wp","href":"https:\/\/api.w.org\/{rel}","templated":true}]}}