{"id":280,"date":"2017-05-19T11:54:57","date_gmt":"2017-05-19T11:54:57","guid":{"rendered":"http:\/\/institutviladomat.cat\/portfoli\/16sergisarraute\/?p=280"},"modified":"2017-10-13T12:14:57","modified_gmt":"2017-10-13T12:14:57","slug":"temple-daugust","status":"publish","type":"post","link":"https:\/\/institutviladomat.cat\/portfoli\/16sergisarraute\/2017\/05\/19\/temple-daugust\/","title":{"rendered":"Temple d&#8217;August"},"content":{"rendered":"<p>Per \u00faltim vam anar al Temple d&#8217;August, a la cima del Mont Taber.<\/p>\n<p>El que queda d&#8217;aquest temple s\u00f3n res m\u00e9s de 3 o 4 columnes; les principals. Aquest palau estava situat a part d&#8217;al cim del Mont Taber, sin\u00f3 que tamb\u00e9 a sobre una tarima. Una de les columnes del temple es trobava a la pl. del Rei, no massa lluny d&#8217;all\u00e0.<\/p>\n<p>V\u00eddeo + imatge:<\/p>\n<p><a href=\"https:\/\/drive.google.com\/drive\/folders\/0B5nwNQJ_fdUoaGFqeTNYVW53Zmc\">https:\/\/drive.google.com\/drive\/folders\/0B5nwNQJ_fdUoaGFqeTNYVW53Zmc<\/a><\/p>\n<p><img decoding=\"async\" src=\"https:\/\/upload.wikimedia.org\/wikipedia\/commons\/thumb\/3\/3c\/Columnas_Templo_de_Augusto_Barcelona.jpg\/287px-Columnas_Templo_de_Augusto_Barcelona.jpg\" alt=\"Resultat d'imatges de temple d'august\" \/><\/p>\n<p>&nbsp;<\/p>\n<p>&nbsp;<\/p>\n","protected":false},"excerpt":{"rendered":"<p>Per \u00faltim vam anar al Temple d&#8217;August, a la cima del Mont Taber. El que queda d&#8217;aquest temple s\u00f3n res m\u00e9s de 3 o 4 columnes; les principals&#8230;.<\/p>\n","protected":false},"author":126,"featured_media":281,"comment_status":"open","ping_status":"open","sticky":false,"template":"","format":"standard","meta":{"footnotes":""},"categories":[37,16],"tags":[],"_links":{"self":[{"href":"https:\/\/institutviladomat.cat\/portfoli\/16sergisarraute\/wp-json\/wp\/v2\/posts\/280"}],"collection":[{"href":"https:\/\/institutviladomat.cat\/portfoli\/16sergisarraute\/wp-json\/wp\/v2\/posts"}],"about":[{"href":"https:\/\/institutviladomat.cat\/portfoli\/16sergisarraute\/wp-json\/wp\/v2\/types\/post"}],"author":[{"embeddable":true,"href":"https:\/\/institutviladomat.cat\/portfoli\/16sergisarraute\/wp-json\/wp\/v2\/users\/126"}],"replies":[{"embeddable":true,"href":"https:\/\/institutviladomat.cat\/portfoli\/16sergisarraute\/wp-json\/wp\/v2\/comments?post=280"}],"version-history":[{"count":1,"href":"https:\/\/institutviladomat.cat\/portfoli\/16sergisarraute\/wp-json\/wp\/v2\/posts\/280\/revisions"}],"predecessor-version":[{"id":282,"href":"https:\/\/institutviladomat.cat\/portfoli\/16sergisarraute\/wp-json\/wp\/v2\/posts\/280\/revisions\/282"}],"wp:featuredmedia":[{"embeddable":true,"href":"https:\/\/institutviladomat.cat\/portfoli\/16sergisarraute\/wp-json\/wp\/v2\/media\/281"}],"wp:attachment":[{"href":"https:\/\/institutviladomat.cat\/portfoli\/16sergisarraute\/wp-json\/wp\/v2\/media?parent=280"}],"wp:term":[{"taxonomy":"category","embeddable":true,"href":"https:\/\/institutviladomat.cat\/portfoli\/16sergisarraute\/wp-json\/wp\/v2\/categories?post=280"},{"taxonomy":"post_tag","embeddable":true,"href":"https:\/\/institutviladomat.cat\/portfoli\/16sergisarraute\/wp-json\/wp\/v2\/tags?post=280"}],"curies":[{"name":"wp","href":"https:\/\/api.w.org\/{rel}","templated":true}]}}