{"id":285,"date":"2017-05-20T09:15:15","date_gmt":"2017-05-20T09:15:15","guid":{"rendered":"http:\/\/institutviladomat.cat\/portfoli\/16sergisarraute\/?p=285"},"modified":"2017-10-13T12:14:47","modified_gmt":"2017-10-13T12:14:47","slug":"mercat-del-ninot","status":"publish","type":"post","link":"https:\/\/institutviladomat.cat\/portfoli\/16sergisarraute\/2017\/05\/20\/mercat-del-ninot\/","title":{"rendered":"Mercat del Ninot"},"content":{"rendered":"<p>Dimecres vam anar al Mercat del Ninot i ens van explicar la seva hist\u00f2ria i hi vam donar un tomb.<\/p>\n<p>Abans es deia Mercat del Porvenir, perqu\u00e8 la gent esperava que fos una terra pr\u00f2spera i rica, que \u00e9s el que \u00e9s ara, l&#8217;Esquerra de l&#8217;Eixample. La q\u00fcesti\u00f3 \u00e9s que era un mercat on s&#8217;hi venia de tot i sobretot es feia safareig. Prop del mercat hi havia una bodega molt famosa pels seus preus, que al no estar dins la ciutat doncs no pagava els mateixos impostos.<\/p>\n<p>L&#8217;amo d&#8217;aquesta bodega tenia una filla promesa amb un mariner de la Barceloneta, aix\u00ed que un dia, el mariner s&#8217;emport\u00e0 a la noia al port a veure com es desmuntava un bergant\u00ed. El mascar\u00f3 de proa d&#8217;aquest era un ninot de fusta molt bonic, i a ella li va fer pena que l&#8217;haguessin de cremar. Aix\u00ed doncs el seu prom\u00e8s va comprar aquest mascar\u00f3 i li va regalar.<\/p>\n<p>Durant molts anys la bodega va ser coneguda com la bodega del ninot. Aleshores, quan la botiga tanc\u00e0, el mercat li va demanar si es podia quedar la figura i aix\u00ed va ser, i per tant coneixem el mercat com a Mercat del Ninot.<\/p>\n<p>Qu\u00e8 he apr\u00e9s?<\/p>\n<p>He apr\u00e9s entre altres coses la hist\u00f2ria del mercat i per exemple que alguns ous de gallina porten 2 rovells.<\/p>\n<p>Qu\u00e8 m&#8217;ha semblat?<\/p>\n<p>La sortida m&#8217;ha agradat molt perqu\u00e8 va ser molt entretinguda i interessant.<\/p>\n<p>Canviaria&#8230;<\/p>\n<p>Jo canviaria el fet d&#8217;haver estat m\u00e9s temps; apart d&#8217;aix\u00f2 res m\u00e9s.<\/p>\n<p>Fotografia:<\/p>\n<p><img decoding=\"async\" loading=\"lazy\" class=\"\" src=\"http:\/\/static.barcelona.com\/var\/plain\/storage\/images\/barcelona_directory\/monuments\/mercat_del_ninot\/mercat_del_ninot\/7489083-1-eng-GB\/mercat_del_ninot_place-full.jpg\" alt=\"Resultat d'imatges de mercat del ninot\" width=\"360\" height=\"206\" \/><\/p>\n<p><img decoding=\"async\" src=\"http:\/\/www.mercatdelninot.com\/grafics\/ninot.png\" alt=\"Resultat d'imatges de mercat del ninot\" \/><\/p>\n<p>&nbsp;<\/p>\n","protected":false},"excerpt":{"rendered":"<p>Dimecres vam anar al Mercat del Ninot i ens van explicar la seva hist\u00f2ria i hi vam donar un tomb. Abans es deia Mercat del Porvenir, perqu\u00e8 la&#8230;<\/p>\n","protected":false},"author":126,"featured_media":287,"comment_status":"open","ping_status":"open","sticky":false,"template":"","format":"standard","meta":{"footnotes":""},"categories":[37,18],"tags":[],"_links":{"self":[{"href":"https:\/\/institutviladomat.cat\/portfoli\/16sergisarraute\/wp-json\/wp\/v2\/posts\/285"}],"collection":[{"href":"https:\/\/institutviladomat.cat\/portfoli\/16sergisarraute\/wp-json\/wp\/v2\/posts"}],"about":[{"href":"https:\/\/institutviladomat.cat\/portfoli\/16sergisarraute\/wp-json\/wp\/v2\/types\/post"}],"author":[{"embeddable":true,"href":"https:\/\/institutviladomat.cat\/portfoli\/16sergisarraute\/wp-json\/wp\/v2\/users\/126"}],"replies":[{"embeddable":true,"href":"https:\/\/institutviladomat.cat\/portfoli\/16sergisarraute\/wp-json\/wp\/v2\/comments?post=285"}],"version-history":[{"count":2,"href":"https:\/\/institutviladomat.cat\/portfoli\/16sergisarraute\/wp-json\/wp\/v2\/posts\/285\/revisions"}],"predecessor-version":[{"id":288,"href":"https:\/\/institutviladomat.cat\/portfoli\/16sergisarraute\/wp-json\/wp\/v2\/posts\/285\/revisions\/288"}],"wp:featuredmedia":[{"embeddable":true,"href":"https:\/\/institutviladomat.cat\/portfoli\/16sergisarraute\/wp-json\/wp\/v2\/media\/287"}],"wp:attachment":[{"href":"https:\/\/institutviladomat.cat\/portfoli\/16sergisarraute\/wp-json\/wp\/v2\/media?parent=285"}],"wp:term":[{"taxonomy":"category","embeddable":true,"href":"https:\/\/institutviladomat.cat\/portfoli\/16sergisarraute\/wp-json\/wp\/v2\/categories?post=285"},{"taxonomy":"post_tag","embeddable":true,"href":"https:\/\/institutviladomat.cat\/portfoli\/16sergisarraute\/wp-json\/wp\/v2\/tags?post=285"}],"curies":[{"name":"wp","href":"https:\/\/api.w.org\/{rel}","templated":true}]}}