{"id":291,"date":"2017-05-31T09:45:19","date_gmt":"2017-05-31T09:45:19","guid":{"rendered":"http:\/\/institutviladomat.cat\/portfoli\/16sergisarraute\/?p=291"},"modified":"2017-10-13T12:14:43","modified_gmt":"2017-10-13T12:14:43","slug":"abans-i-despres_sortida-barcino","status":"publish","type":"post","link":"https:\/\/institutviladomat.cat\/portfoli\/16sergisarraute\/2017\/05\/31\/abans-i-despres_sortida-barcino\/","title":{"rendered":"Abans i despr\u00e9s_Sortida Barcino"},"content":{"rendered":"<p><strong>Palau Pignatelli<\/strong><\/p>\n<p>Ara:<\/p>\n<p><img decoding=\"async\" loading=\"lazy\" class=\"\" src=\"http:\/\/www.poblesdecatalunya.cat\/fotos\/normal\/002462.jpeg\" alt=\"Resultat d'imatges de palau pignatelli\" width=\"247\" height=\"185\" \/><\/p>\n<p>Abans:<\/p>\n<p><img decoding=\"async\" loading=\"lazy\" class=\"\" src=\"https:\/\/s-media-cache-ak0.pinimg.com\/originals\/ca\/9b\/8d\/ca9b8d99cf817207133a09784e2b9e24.png\" alt=\"Resultat d'imatges de palau pignatelli 1875\" width=\"134\" height=\"172\" \/><\/p>\n<p><strong>L&#8217;aq\u00fceducte que no \u00e9s rom\u00e0:<\/strong><\/p>\n<p>Ara:<\/p>\n<p><img decoding=\"async\" loading=\"lazy\" class=\"\" src=\"http:\/\/1.bp.blogspot.com\/-DHYr0Jr6c4k\/UiNXWBzOREI\/AAAAAAAAMRQ\/9IGc_f3geMs\/s1600\/DSCN0770.JPG\" alt=\"Resultat d'imatges de aq\u00fceducte barcino\" width=\"297\" height=\"222\" \/><\/p>\n<p>Abans:<\/p>\n<p><img decoding=\"async\" loading=\"lazy\" class=\"\" src=\"http:\/\/2.bp.blogspot.com\/-O0z4RFeJVz0\/UVDzgfcOHpI\/AAAAAAAAPVI\/dXLJDCWAZ7Y\/s1600\/aqueducte-ripoll25-01.jpg\" width=\"226\" height=\"123\" \/><\/p>\n<p><strong>Fa\u00e7ana catedral:<\/strong><\/p>\n<p>Ara:<\/p>\n<p><img decoding=\"async\" loading=\"lazy\" class=\"\" src=\"http:\/\/www.enciclopedia.cat\/sites\/default\/files\/media\/FOTO\/FG003300.JPG\" alt=\"Resultat d'imatges de fa\u00e7ana catedral de barcelona\" width=\"197\" height=\"245\" \/><\/p>\n<p>Abans:<\/p>\n<p><img decoding=\"async\" loading=\"lazy\" class=\"\" src=\"http:\/\/2.bp.blogspot.com\/-rKrLGuRtuvU\/UBrFDf_Uk1I\/AAAAAAAAUiY\/cTYxfG76BZ0\/s1600\/1%2Bcatedral%2Bcarli.jpg\" alt=\"Resultat d'imatges de fa\u00e7ana catedral de barcelona\" width=\"287\" height=\"233\" \/><\/p>\n<p><strong>El pont del carrer dels Bisbes:<\/strong><\/p>\n<p>Ara:<\/p>\n<p><img decoding=\"async\" loading=\"lazy\" class=\"\" src=\"http:\/\/2.bp.blogspot.com\/-SVyi2yuWGoc\/UymPEjGhEZI\/AAAAAAAA6d8\/chQyGlI2VU8\/s1600\/DSC_5809.JPG\" alt=\"Resultat d'imatges de pont carrer del bisbe\" width=\"233\" height=\"155\" \/><\/p>\n<p>Abans:<\/p>\n<p><img decoding=\"async\" loading=\"lazy\" class=\"\" src=\"https:\/\/s-media-cache-ak0.pinimg.com\/originals\/87\/cc\/02\/87cc0248736173205e4f985cbe483487.jpg\" alt=\"Resultat d'imatges de pont carrer del bisbe antigament\" width=\"232\" height=\"346\" \/><\/p>\n<p><strong>Casa dels Canonges:<\/strong><\/p>\n<p>Ara i abans:<\/p>\n<p><img decoding=\"async\" src=\"https:\/\/glamboy69.files.wordpress.com\/2015\/02\/casa-dels-canc3b2nges.jpg\" alt=\"Resultat d'imatges de casa dels canonges\" \/><\/p>\n<p><strong>Pla\u00e7a Nova:<\/strong><\/p>\n<p>Ara:<\/p>\n<p><img decoding=\"async\" loading=\"lazy\" class=\"\" src=\"http:\/\/static.barcelona.com\/var\/plain\/storage\/images\/barcelona_directory\/monuments\/placa_nova\/placa_nova_3\/3049030-1-eng-GB\/placa_nova_3_place-full.jpg\" alt=\"Resultat d'imatges de pla\u00e7a nova\" width=\"285\" height=\"163\" \/><\/p>\n<p>Abans:<\/p>\n<p><img decoding=\"async\" loading=\"lazy\" class=\"\" src=\"http:\/\/www.labarcelonadeantes.com\/gallery\/1910-Entrada-de-La-Placa-Nova-antes.jpg\" alt=\"Resultat d'imatges de pla\u00e7a nova\" width=\"295\" height=\"210\" \/><\/p>\n","protected":false},"excerpt":{"rendered":"<p>Palau Pignatelli Ara: Abans: L&#8217;aq\u00fceducte que no \u00e9s rom\u00e0: Ara: Abans: Fa\u00e7ana catedral: Ara: Abans: El pont del carrer dels Bisbes: Ara: Abans: Casa dels Canonges: Ara i&#8230;<\/p>\n","protected":false},"author":126,"featured_media":292,"comment_status":"open","ping_status":"open","sticky":false,"template":"","format":"standard","meta":{"footnotes":""},"categories":[37,16],"tags":[],"_links":{"self":[{"href":"https:\/\/institutviladomat.cat\/portfoli\/16sergisarraute\/wp-json\/wp\/v2\/posts\/291"}],"collection":[{"href":"https:\/\/institutviladomat.cat\/portfoli\/16sergisarraute\/wp-json\/wp\/v2\/posts"}],"about":[{"href":"https:\/\/institutviladomat.cat\/portfoli\/16sergisarraute\/wp-json\/wp\/v2\/types\/post"}],"author":[{"embeddable":true,"href":"https:\/\/institutviladomat.cat\/portfoli\/16sergisarraute\/wp-json\/wp\/v2\/users\/126"}],"replies":[{"embeddable":true,"href":"https:\/\/institutviladomat.cat\/portfoli\/16sergisarraute\/wp-json\/wp\/v2\/comments?post=291"}],"version-history":[{"count":1,"href":"https:\/\/institutviladomat.cat\/portfoli\/16sergisarraute\/wp-json\/wp\/v2\/posts\/291\/revisions"}],"predecessor-version":[{"id":293,"href":"https:\/\/institutviladomat.cat\/portfoli\/16sergisarraute\/wp-json\/wp\/v2\/posts\/291\/revisions\/293"}],"wp:featuredmedia":[{"embeddable":true,"href":"https:\/\/institutviladomat.cat\/portfoli\/16sergisarraute\/wp-json\/wp\/v2\/media\/292"}],"wp:attachment":[{"href":"https:\/\/institutviladomat.cat\/portfoli\/16sergisarraute\/wp-json\/wp\/v2\/media?parent=291"}],"wp:term":[{"taxonomy":"category","embeddable":true,"href":"https:\/\/institutviladomat.cat\/portfoli\/16sergisarraute\/wp-json\/wp\/v2\/categories?post=291"},{"taxonomy":"post_tag","embeddable":true,"href":"https:\/\/institutviladomat.cat\/portfoli\/16sergisarraute\/wp-json\/wp\/v2\/tags?post=291"}],"curies":[{"name":"wp","href":"https:\/\/api.w.org\/{rel}","templated":true}]}}