{"id":301,"date":"2017-06-19T18:16:55","date_gmt":"2017-06-19T18:16:55","guid":{"rendered":"http:\/\/institutviladomat.cat\/portfoli\/16sergisarraute\/?p=301"},"modified":"2017-10-13T12:14:28","modified_gmt":"2017-10-13T12:14:28","slug":"vela","status":"publish","type":"post","link":"https:\/\/institutviladomat.cat\/portfoli\/16sergisarraute\/2017\/06\/19\/vela\/","title":{"rendered":"Vela"},"content":{"rendered":"<p>Dijous i divendres de la setmana pasada vam fer una sortida al Centre Municipal de Vela al Port Ol\u00edmpic.<\/p>\n<p>Els dos dies van ser xul\u00edssims per\u00f2 el que m\u00e9s em va agradar va ser dijous, perqu\u00e8 anava al Raquero amb en Joan, en Sergi E., el Mario, el Pau H. i en Marc.<\/p>\n<p>Vam fer el que ens va donar la gana ja que la monitora, la Ari, ens va deixar fer moltes coses xules.<\/p>\n<p>Quan el Mario i el Pau estaven a l&#8217;aigua va passar un vaixell a motor davant nostre i els vaig veure partits en dos; el del vaixell no hi tocava gaire.<\/p>\n<p>El segon dia em va agradar molt tamb\u00e9, vaig anar amb la Mar amb el p\u00e0del i amb el kayac.<\/p>\n<p>A la tornada em van portar l&#8217;Alba i la Blau de 1r A.<\/p>\n<p>Va ser una sortida xulisima!!!<\/p>\n<p><img decoding=\"async\" src=\"http:\/\/www.ub.edu\/avantatges\/sites\/default\/files\/styles\/detall_avantatge\/public\/cmvela2.jpg?itok=GW-cUa7S\" alt=\"Resultat d'imatges de centre municipal de vela tumblr\" \/><\/p>\n","protected":false},"excerpt":{"rendered":"<p>Dijous i divendres de la setmana pasada vam fer una sortida al Centre Municipal de Vela al Port Ol\u00edmpic. Els dos dies van ser xul\u00edssims per\u00f2 el que&#8230;<\/p>\n","protected":false},"author":126,"featured_media":302,"comment_status":"open","ping_status":"open","sticky":false,"template":"","format":"standard","meta":{"footnotes":""},"categories":[37,22],"tags":[],"_links":{"self":[{"href":"https:\/\/institutviladomat.cat\/portfoli\/16sergisarraute\/wp-json\/wp\/v2\/posts\/301"}],"collection":[{"href":"https:\/\/institutviladomat.cat\/portfoli\/16sergisarraute\/wp-json\/wp\/v2\/posts"}],"about":[{"href":"https:\/\/institutviladomat.cat\/portfoli\/16sergisarraute\/wp-json\/wp\/v2\/types\/post"}],"author":[{"embeddable":true,"href":"https:\/\/institutviladomat.cat\/portfoli\/16sergisarraute\/wp-json\/wp\/v2\/users\/126"}],"replies":[{"embeddable":true,"href":"https:\/\/institutviladomat.cat\/portfoli\/16sergisarraute\/wp-json\/wp\/v2\/comments?post=301"}],"version-history":[{"count":1,"href":"https:\/\/institutviladomat.cat\/portfoli\/16sergisarraute\/wp-json\/wp\/v2\/posts\/301\/revisions"}],"predecessor-version":[{"id":303,"href":"https:\/\/institutviladomat.cat\/portfoli\/16sergisarraute\/wp-json\/wp\/v2\/posts\/301\/revisions\/303"}],"wp:featuredmedia":[{"embeddable":true,"href":"https:\/\/institutviladomat.cat\/portfoli\/16sergisarraute\/wp-json\/wp\/v2\/media\/302"}],"wp:attachment":[{"href":"https:\/\/institutviladomat.cat\/portfoli\/16sergisarraute\/wp-json\/wp\/v2\/media?parent=301"}],"wp:term":[{"taxonomy":"category","embeddable":true,"href":"https:\/\/institutviladomat.cat\/portfoli\/16sergisarraute\/wp-json\/wp\/v2\/categories?post=301"},{"taxonomy":"post_tag","embeddable":true,"href":"https:\/\/institutviladomat.cat\/portfoli\/16sergisarraute\/wp-json\/wp\/v2\/tags?post=301"}],"curies":[{"name":"wp","href":"https:\/\/api.w.org\/{rel}","templated":true}]}}