{"id":345,"date":"2017-11-21T08:29:28","date_gmt":"2017-11-21T08:29:28","guid":{"rendered":"http:\/\/institutviladomat.cat\/portfoli\/16sergisarraute\/?p=345"},"modified":"2017-11-24T08:46:53","modified_gmt":"2017-11-24T08:46:53","slug":"cronica-de-la-sortida-a-lexposicio-de-joana-biarnes","status":"publish","type":"post","link":"https:\/\/institutviladomat.cat\/portfoli\/16sergisarraute\/2017\/11\/21\/cronica-de-la-sortida-a-lexposicio-de-joana-biarnes\/","title":{"rendered":"Cr\u00f2nica de la Sortida a l&#8217;exposici\u00f3 de Joana Biarn\u00e9s"},"content":{"rendered":"<p>&nbsp;<\/p>\n<p>La setmana passada els alumnes de segon d&#8217;ESO de l&#8217;Institut Viladomat van anar a l&#8217;exposici\u00f3 temporal de Joana Biarn\u00e9s que dura fins al 2 d&#8217;abril de 2018. L&#8217;exposici\u00f3 t\u00e9 fotografies de les d\u00e8cades dels 60 als 80, on es veu l&#8217;Espanya d&#8217;aquell moment, una Espanya masclista ja que era a \u00e8poca franquista. On les novies COMEN\u00c7AVEN a no anar tapades fins al cap amb no se quantes capes.<\/p>\n<p>Joana Biarn\u00e9s \u00e9s la persona que m\u00e9s famosos ha fotografiat; Raphael, Lola Flores, The Beatles, Massiel, Marisol o Serrat entre altres.<\/p>\n<p>La fotografia que m\u00e9s va impactar va ser la de l&#8217;anunci publicitari amb les grues i la neu.<\/p>\n<p>Degut a la poca dist\u00e0ncia que hi ha entre l&#8217;institut i el Palau Robert de Passeig de Gr\u00e0cia, que \u00e9s on estava l&#8217;exposici\u00f3, els alumnes hi van anar a peu.<\/p>\n<p>Entre la multitud juvenil vam poder entrevistar a uns quants alumnes:\u00a0<strong>Pau- \u00c9s impressionant, en general ens hem portat s\u00faper b\u00e9, &#8211; deia sorpr\u00e8s pel bon comportament de la classe &#8211; una exposici\u00f3 xul\u00edssima.<\/strong><\/p>\n<p>Tamb\u00e9 vam entrevistar a Ainara que no semblava gaire contenta amb la sortida escolar:\u00a0<strong>Ainara- Perfecte! Venim a una exposici\u00f3 a veure unes quantes persones, la meitat mortes, de l&#8217;edat de la meva \u00e0via.\u00a0<\/strong>&#8211; S\u00f3n paraules textuals de la jove.<\/p>\n<p>Al sortir de l&#8217;exposici\u00f3 un dels grups va tenir el privilegi de con\u00e8ixer l&#8217;autora de l&#8217;exposici\u00f3; Joana Biarn\u00e9s. &#8220;Si persegueixes un somni i t&#8217;esforces per conseguir-lo el conseguir\u00e0s&#8221;- va dir la fot\u00f2grafa.<\/p>\n<p>Tot va acabar quan totes les classes van haver vist l&#8217;exposici\u00f3 i van tornar al centre.<\/p>\n<p><img decoding=\"async\" src=\"http:\/\/1.bp.blogspot.com\/-4cZN8pptUsI\/UzvOCi2-Z3I\/AAAAAAAAAPQ\/hkpIMqRA-oc\/s1600\/Biarne%25CC%2581s+amb+ca%25CC%2580mera.jpg\" alt=\"Resultat d'imatges de joana biarn\u00e9s\" \/><\/p>\n","protected":false},"excerpt":{"rendered":"<p>&nbsp; La setmana passada els alumnes de segon d&#8217;ESO de l&#8217;Institut Viladomat van anar a l&#8217;exposici\u00f3 temporal de Joana Biarn\u00e9s que dura fins al 2 d&#8217;abril de 2018&#8230;.<\/p>\n","protected":false},"author":126,"featured_media":346,"comment_status":"open","ping_status":"open","sticky":false,"template":"","format":"standard","meta":{"footnotes":""},"categories":[26,28],"tags":[],"_links":{"self":[{"href":"https:\/\/institutviladomat.cat\/portfoli\/16sergisarraute\/wp-json\/wp\/v2\/posts\/345"}],"collection":[{"href":"https:\/\/institutviladomat.cat\/portfoli\/16sergisarraute\/wp-json\/wp\/v2\/posts"}],"about":[{"href":"https:\/\/institutviladomat.cat\/portfoli\/16sergisarraute\/wp-json\/wp\/v2\/types\/post"}],"author":[{"embeddable":true,"href":"https:\/\/institutviladomat.cat\/portfoli\/16sergisarraute\/wp-json\/wp\/v2\/users\/126"}],"replies":[{"embeddable":true,"href":"https:\/\/institutviladomat.cat\/portfoli\/16sergisarraute\/wp-json\/wp\/v2\/comments?post=345"}],"version-history":[{"count":4,"href":"https:\/\/institutviladomat.cat\/portfoli\/16sergisarraute\/wp-json\/wp\/v2\/posts\/345\/revisions"}],"predecessor-version":[{"id":350,"href":"https:\/\/institutviladomat.cat\/portfoli\/16sergisarraute\/wp-json\/wp\/v2\/posts\/345\/revisions\/350"}],"wp:featuredmedia":[{"embeddable":true,"href":"https:\/\/institutviladomat.cat\/portfoli\/16sergisarraute\/wp-json\/wp\/v2\/media\/346"}],"wp:attachment":[{"href":"https:\/\/institutviladomat.cat\/portfoli\/16sergisarraute\/wp-json\/wp\/v2\/media?parent=345"}],"wp:term":[{"taxonomy":"category","embeddable":true,"href":"https:\/\/institutviladomat.cat\/portfoli\/16sergisarraute\/wp-json\/wp\/v2\/categories?post=345"},{"taxonomy":"post_tag","embeddable":true,"href":"https:\/\/institutviladomat.cat\/portfoli\/16sergisarraute\/wp-json\/wp\/v2\/tags?post=345"}],"curies":[{"name":"wp","href":"https:\/\/api.w.org\/{rel}","templated":true}]}}