{"id":467,"date":"2018-03-23T19:10:21","date_gmt":"2018-03-23T19:10:21","guid":{"rendered":"http:\/\/institutviladomat.cat\/portfoli\/16sergisarraute\/?p=467"},"modified":"2018-03-23T19:10:21","modified_gmt":"2018-03-23T19:10:21","slug":"el-nom-de-la-rosa","status":"publish","type":"post","link":"https:\/\/institutviladomat.cat\/portfoli\/16sergisarraute\/2018\/03\/23\/el-nom-de-la-rosa\/","title":{"rendered":"El Nom de la Rosa"},"content":{"rendered":"<p style=\"text-align: center\">EL NOM DE LA ROSA, JEAN-JACQUES ANNAUD<\/p>\n<p><strong>Data d&#8217;estrena:\u00a0<\/strong>19 de desembre de 1986, Espanya<\/p>\n<p><strong>Director:\u00a0<\/strong>Jean-Jacques Annaud<\/p>\n<p><strong>Repartiment:\u00a0<\/strong>Sean Connery, Christian Staler, Feodor Chaliapin Jr, Ron Perlman, etc.<\/p>\n<p>La hist\u00f2ria est\u00e0 ambientada a l&#8217;Edat Mitjana i tracta d&#8217;un frare de l&#8217;ordre del Franciscans anomenat William de Baskerville amb el seu ajudant Adso de Melk que arriben a una abadia on \u00faltimament estan sent assassinats molts monjos en ella. Aleshores en William i en Adso investiguen aquests casos.<\/p>\n<p>L&#8217;esgl\u00e9sia veu que en William no avan\u00e7a en la investigaci\u00f3 i al descobrir una possible trama de bruixeria volen que vinguin agents de la Santa Inquisici\u00f3. Aquesta declara culpables a dos monjos, a una noia camperola i pobre, i els condemna a la foguera. En William creu que la Santa Inquisici\u00f3 no ha trobat els veritables culpables i creu que els assassinats tenen relaci\u00f3 amb una biblioteca prohibida de l&#8217;abadia.<\/p>\n<p>Els monjos moren d&#8217;una manera determinada i els protagonistes descobreixen que un vell de l&#8217;abadia ha enverinat el llibre per a qu\u00e8 tot aquell que pass\u00e9s p\u00e0gina mor\u00eds poc despr\u00e9s.<\/p>\n<p><strong>Qu\u00e8 m&#8217;ha semblat?<\/strong><\/p>\n<p>M&#8217;ha semblat una pel\u00b7l\u00edcula entretinguda i interessant.<\/p>\n<p><strong>Qu\u00e8 he apr\u00e9s?<\/strong><\/p>\n<p>He apr\u00e9s moltes coses sobre el funcionament de la societat de l&#8217;\u00e8poca a les abadies i monestirs. I com l&#8217;esgl\u00e9sia tenia molt m\u00e9s poder que ara.<\/p>\n<p><strong>Canviaria?<\/strong><\/p>\n<p>No canviaria res perqu\u00e8 si el director ha cregut que seria millor aix\u00ed, no s\u00f3c ning\u00fa per debatre la seva obra.<\/p>\n<p>&nbsp;<\/p>\n","protected":false},"excerpt":{"rendered":"<p>EL NOM DE LA ROSA, JEAN-JACQUES ANNAUD Data d&#8217;estrena:\u00a019 de desembre de 1986, Espanya Director:\u00a0Jean-Jacques Annaud Repartiment:\u00a0Sean Connery, Christian Staler, Feodor Chaliapin Jr, Ron Perlman, etc. La hist\u00f2ria&#8230;<\/p>\n","protected":false},"author":126,"featured_media":469,"comment_status":"open","ping_status":"open","sticky":false,"template":"","format":"standard","meta":{"footnotes":""},"categories":[26,32,33],"tags":[],"_links":{"self":[{"href":"https:\/\/institutviladomat.cat\/portfoli\/16sergisarraute\/wp-json\/wp\/v2\/posts\/467"}],"collection":[{"href":"https:\/\/institutviladomat.cat\/portfoli\/16sergisarraute\/wp-json\/wp\/v2\/posts"}],"about":[{"href":"https:\/\/institutviladomat.cat\/portfoli\/16sergisarraute\/wp-json\/wp\/v2\/types\/post"}],"author":[{"embeddable":true,"href":"https:\/\/institutviladomat.cat\/portfoli\/16sergisarraute\/wp-json\/wp\/v2\/users\/126"}],"replies":[{"embeddable":true,"href":"https:\/\/institutviladomat.cat\/portfoli\/16sergisarraute\/wp-json\/wp\/v2\/comments?post=467"}],"version-history":[{"count":2,"href":"https:\/\/institutviladomat.cat\/portfoli\/16sergisarraute\/wp-json\/wp\/v2\/posts\/467\/revisions"}],"predecessor-version":[{"id":470,"href":"https:\/\/institutviladomat.cat\/portfoli\/16sergisarraute\/wp-json\/wp\/v2\/posts\/467\/revisions\/470"}],"wp:featuredmedia":[{"embeddable":true,"href":"https:\/\/institutviladomat.cat\/portfoli\/16sergisarraute\/wp-json\/wp\/v2\/media\/469"}],"wp:attachment":[{"href":"https:\/\/institutviladomat.cat\/portfoli\/16sergisarraute\/wp-json\/wp\/v2\/media?parent=467"}],"wp:term":[{"taxonomy":"category","embeddable":true,"href":"https:\/\/institutviladomat.cat\/portfoli\/16sergisarraute\/wp-json\/wp\/v2\/categories?post=467"},{"taxonomy":"post_tag","embeddable":true,"href":"https:\/\/institutviladomat.cat\/portfoli\/16sergisarraute\/wp-json\/wp\/v2\/tags?post=467"}],"curies":[{"name":"wp","href":"https:\/\/api.w.org\/{rel}","templated":true}]}}