{"id":480,"date":"2018-05-25T11:46:58","date_gmt":"2018-05-25T11:46:58","guid":{"rendered":"http:\/\/institutviladomat.cat\/portfoli\/16sergisarraute\/?p=480"},"modified":"2018-05-25T11:46:58","modified_gmt":"2018-05-25T11:46:58","slug":"sortida-a-la-preso-la-model","status":"publish","type":"post","link":"https:\/\/institutviladomat.cat\/portfoli\/16sergisarraute\/2018\/05\/25\/sortida-a-la-preso-la-model\/","title":{"rendered":"Sortida a la pres\u00f3 LA MODEL"},"content":{"rendered":"<p>Avui, 25 de maig hem anat tot el curs a l&#8217;antiga pres\u00f3 La Model. Aquesta va ser la pres\u00f3 &#8220;nucli&#8221; de la ciutat de Barcelona sobretot en l&#8217;\u00e8poca del franquisme.<\/p>\n<p>Va comen\u00e7ar sent una pres\u00f3 moderna per al seu temps. Un lloc amb molta llum i de grans espais.<\/p>\n<p>Ens han fet una mini-visita guiada per l&#8217;entrada central al centre penitenciari. Tamb\u00e9 hem pogut veure espais com el locutori, la galeria n\u00famero 4; la \u00fanica que hem vist, i el pati central.<\/p>\n<p>En aquesta galeria hi havia unes quantes cel\u00b7les obertes. Hem vist una habitaci\u00f3 que francament era justa per a una persona i que durant una \u00e8poca que hi va haver molts presos, hi van dormir setze!<\/p>\n<p>Tamb\u00e9, durant vuit anys hi va haver tamb\u00e9 una pres\u00f3 per a dones tamb\u00e9.<\/p>\n<p>M&#8217;ha agradat molt la sortida perqu\u00e8 m&#8217;ha ajudat a reflexionar sobre el tema i de com era la societat en aquell moment. Sincerament, espero que es conservi per a sempre!<\/p>\n","protected":false},"excerpt":{"rendered":"<p>Avui, 25 de maig hem anat tot el curs a l&#8217;antiga pres\u00f3 La Model. Aquesta va ser la pres\u00f3 &#8220;nucli&#8221; de la ciutat de Barcelona sobretot en l&#8217;\u00e8poca&#8230;<\/p>\n","protected":false},"author":126,"featured_media":481,"comment_status":"open","ping_status":"open","sticky":false,"template":"","format":"standard","meta":{"footnotes":""},"categories":[26],"tags":[],"_links":{"self":[{"href":"https:\/\/institutviladomat.cat\/portfoli\/16sergisarraute\/wp-json\/wp\/v2\/posts\/480"}],"collection":[{"href":"https:\/\/institutviladomat.cat\/portfoli\/16sergisarraute\/wp-json\/wp\/v2\/posts"}],"about":[{"href":"https:\/\/institutviladomat.cat\/portfoli\/16sergisarraute\/wp-json\/wp\/v2\/types\/post"}],"author":[{"embeddable":true,"href":"https:\/\/institutviladomat.cat\/portfoli\/16sergisarraute\/wp-json\/wp\/v2\/users\/126"}],"replies":[{"embeddable":true,"href":"https:\/\/institutviladomat.cat\/portfoli\/16sergisarraute\/wp-json\/wp\/v2\/comments?post=480"}],"version-history":[{"count":1,"href":"https:\/\/institutviladomat.cat\/portfoli\/16sergisarraute\/wp-json\/wp\/v2\/posts\/480\/revisions"}],"predecessor-version":[{"id":482,"href":"https:\/\/institutviladomat.cat\/portfoli\/16sergisarraute\/wp-json\/wp\/v2\/posts\/480\/revisions\/482"}],"wp:featuredmedia":[{"embeddable":true,"href":"https:\/\/institutviladomat.cat\/portfoli\/16sergisarraute\/wp-json\/wp\/v2\/media\/481"}],"wp:attachment":[{"href":"https:\/\/institutviladomat.cat\/portfoli\/16sergisarraute\/wp-json\/wp\/v2\/media?parent=480"}],"wp:term":[{"taxonomy":"category","embeddable":true,"href":"https:\/\/institutviladomat.cat\/portfoli\/16sergisarraute\/wp-json\/wp\/v2\/categories?post=480"},{"taxonomy":"post_tag","embeddable":true,"href":"https:\/\/institutviladomat.cat\/portfoli\/16sergisarraute\/wp-json\/wp\/v2\/tags?post=480"}],"curies":[{"name":"wp","href":"https:\/\/api.w.org\/{rel}","templated":true}]}}