{"id":489,"date":"2018-06-01T07:34:55","date_gmt":"2018-06-01T07:34:55","guid":{"rendered":"http:\/\/institutviladomat.cat\/portfoli\/16sergisarraute\/?p=489"},"modified":"2018-06-01T07:34:55","modified_gmt":"2018-06-01T07:34:55","slug":"xerrada-de-lagencia-catalana-del-consum","status":"publish","type":"post","link":"https:\/\/institutviladomat.cat\/portfoli\/16sergisarraute\/2018\/06\/01\/xerrada-de-lagencia-catalana-del-consum\/","title":{"rendered":"Xerrada de l&#8217;Ag\u00e8ncia Catalana del Consum"},"content":{"rendered":"<p>Fa unes setmanes van venir unes noies de l&#8217;Ag\u00e8ncia Catalana del Consum i ens van venir a fer una xerrada sobre les coses que consumim, en qu\u00e8 ens fixem a l&#8217;hora de comprar, o com escollim a l&#8217;hora de comprar.<\/p>\n<p>Primer de tot vam omplir un full amb diferents preguntes on identificava que \u00e9s el que consumeixo i el que no. Un full en el que escrivies quants cops vaig a un restaurant en un any o si estic amb amics, que \u00e9s el que menjo o bec.<\/p>\n<p>Vam fer un taller en el que hav\u00edem de relacionar deures amb drets. L&#8217;activitat va ser molt divertida. Ho vaig fer conjuntament amb la Laia i gr\u00e0cies al meu instint ens vam equivocar.<\/p>\n<p>Aquesta activitat m&#8217;ha agradat molt i quan sigui gran m&#8217;agradar\u00e0 aprofundir en el tema.<\/p>\n","protected":false},"excerpt":{"rendered":"<p>Fa unes setmanes van venir unes noies de l&#8217;Ag\u00e8ncia Catalana del Consum i ens van venir a fer una xerrada sobre les coses que consumim, en qu\u00e8 ens&#8230;<\/p>\n","protected":false},"author":126,"featured_media":490,"comment_status":"open","ping_status":"open","sticky":false,"template":"","format":"standard","meta":{"footnotes":""},"categories":[26,34],"tags":[],"_links":{"self":[{"href":"https:\/\/institutviladomat.cat\/portfoli\/16sergisarraute\/wp-json\/wp\/v2\/posts\/489"}],"collection":[{"href":"https:\/\/institutviladomat.cat\/portfoli\/16sergisarraute\/wp-json\/wp\/v2\/posts"}],"about":[{"href":"https:\/\/institutviladomat.cat\/portfoli\/16sergisarraute\/wp-json\/wp\/v2\/types\/post"}],"author":[{"embeddable":true,"href":"https:\/\/institutviladomat.cat\/portfoli\/16sergisarraute\/wp-json\/wp\/v2\/users\/126"}],"replies":[{"embeddable":true,"href":"https:\/\/institutviladomat.cat\/portfoli\/16sergisarraute\/wp-json\/wp\/v2\/comments?post=489"}],"version-history":[{"count":1,"href":"https:\/\/institutviladomat.cat\/portfoli\/16sergisarraute\/wp-json\/wp\/v2\/posts\/489\/revisions"}],"predecessor-version":[{"id":491,"href":"https:\/\/institutviladomat.cat\/portfoli\/16sergisarraute\/wp-json\/wp\/v2\/posts\/489\/revisions\/491"}],"wp:featuredmedia":[{"embeddable":true,"href":"https:\/\/institutviladomat.cat\/portfoli\/16sergisarraute\/wp-json\/wp\/v2\/media\/490"}],"wp:attachment":[{"href":"https:\/\/institutviladomat.cat\/portfoli\/16sergisarraute\/wp-json\/wp\/v2\/media?parent=489"}],"wp:term":[{"taxonomy":"category","embeddable":true,"href":"https:\/\/institutviladomat.cat\/portfoli\/16sergisarraute\/wp-json\/wp\/v2\/categories?post=489"},{"taxonomy":"post_tag","embeddable":true,"href":"https:\/\/institutviladomat.cat\/portfoli\/16sergisarraute\/wp-json\/wp\/v2\/tags?post=489"}],"curies":[{"name":"wp","href":"https:\/\/api.w.org\/{rel}","templated":true}]}}