{"id":526,"date":"2018-10-15T06:49:42","date_gmt":"2018-10-15T06:49:42","guid":{"rendered":"http:\/\/institutviladomat.cat\/portfoli\/16sergisarraute\/?p=526"},"modified":"2018-10-29T12:39:43","modified_gmt":"2018-10-29T12:39:43","slug":"critica-literaria-el-mussol-i-la-forca","status":"publish","type":"post","link":"https:\/\/institutviladomat.cat\/portfoli\/16sergisarraute\/2018\/10\/15\/critica-literaria-el-mussol-i-la-forca\/","title":{"rendered":"Cr\u00edtica liter\u00e0ria &#8216;El mussol i la forca&#8217;"},"content":{"rendered":"<p>T\u00edtol: El mussol i la forca<\/p>\n<p>Autor: Pau Joan Hern\u00e0ndez<\/p>\n<p>Any de publicaci\u00f3: 2004<\/p>\n<p>Editorial: Edeb\u00e9<\/p>\n<p>P\u00e0gines: 249<\/p>\n<p>Pau Joan Hern\u00e0ndez ha sigut un dels m\u00e0xims exponents de la literatura juvenil catalana. Professor a la Universitat de Barcelona i autor d&#8217;aquest t\u00edtol amb m\u00e9s de 5 edicions, ja porta una carrera d&#8217;almenys m\u00e9s de 25 novel\u00b7les.<\/p>\n<p>El llibre es pot dir que entra dins del g\u00e8nere de misteri i aventures. Si m\u00e9s no, es podria comparar amb alguna hist\u00f2ria de l&#8217;editorial Marvel perqu\u00e8 les protagonistes acaben actuant com a hero\u00efnes. L&#8217;autor s&#8217;ha basat en uns principis de novel\u00b7la polic\u00edaca que ha desembocat en altres temes com l&#8217;amistat o la cartografia. S\u00ed, la cartografia. Hern\u00e0ndez ens mostra Barcelona a trav\u00e9s de mapes, carrers, edificis, etc.\u00a0 \u00a0 \u00a0 \u00a0 \u00a0 \u00a0 \u00a0 \u00a0 \u00a0 \u00a0 \u00a0 \u00a0 \u00a0 \u00a0 \u00a0 \u00a0 \u00a0 \u00a0 \u00a0 \u00a0 \u00a0 \u00a0 \u00a0 \u00a0 \u00a0 \u00a0 \u00a0 \u00a0 \u00a0 \u00a0 \u00a0 \u00a0 \u00a0 \u00a0 \u00a0 \u00a0 \u00a0 \u00a0 \u00a0 \u00a0 \u00a0 \u00a0 \u00a0 \u00a0 \u00a0 \u00a0 \u00a0 \u00a0 \u00a0 \u00a0 \u00a0 L&#8217;autor ens parla d&#8217;una s\u00e8rie de desaparicions que passen al subs\u00f2l de la Ciutat Comtal.<\/p>\n<p>Es podria dir &#8220;investigaci\u00f3 clandestina&#8221; el que fan la Lara (una periodista) i la Rosa (una policia). Elles estan conven\u00e7udes que als seus peus passa alguna cosa estranya. Massa desaparicions sota el grafit d&#8217;un ocell de presa. Un mussol. Paral\u00b7lelament, dues amigues atletes en plena adolesc\u00e8ncia, l&#8217;\u00cdngrid i la S\u00f2nia tamb\u00e9 volen investigar aquests successos, en concret el cas de la seva amiga Anna. Les hist\u00f2ries de totes quatre es van creuant segons passa la trama. Qui ser\u00e0 el malvat? Qui ajudar\u00e0 les quatre noies? Se&#8217;n sortiran? S\u00f3n preguntes molt freq\u00fcents que et fas mentre llegeixes el llibre.<\/p>\n<p>L&#8217;obra est\u00e0 ambientada a la Barcelona actual, o si m\u00e9s no, la de fa 10 anys. El grau d&#8217;originalitat de l&#8217;obra \u00e9s for\u00e7a visible tot i que en el fons, no deixa de ser una novel\u00b7la polic\u00edaca. El llibre convida a reflexionar sobre la societat d&#8217;avui en dia. Qu\u00e8 se&#8217;n fa amb la gent sense futur que arriba aqu\u00ed amb esperan\u00e7a de futur? Senzillament se les aparta, se les deixa al marge de la societat. Aix\u00f2 \u00e9s el que passa al llibre amb els corders i els mussols: els corders acullen a aquesta pobra gent perqu\u00e8 se sentin integrats en un grup i els mussols simplement els acullen per utilitzar-los a venjar-se de la ciutat. \u00c9s adequat per a la lectura i convido al p\u00fablic juvenil i adult a llegir-se&#8217;l. Crec que \u00e9s una novel\u00b7la que acompleix i satisf\u00e0 les expectatives de tothom.<\/p>\n","protected":false},"excerpt":{"rendered":"<p>T\u00edtol: El mussol i la forca Autor: Pau Joan Hern\u00e0ndez Any de publicaci\u00f3: 2004 Editorial: Edeb\u00e9 P\u00e0gines: 249 Pau Joan Hern\u00e0ndez ha sigut un dels m\u00e0xims exponents de&#8230;<\/p>\n","protected":false},"author":126,"featured_media":0,"comment_status":"open","ping_status":"open","sticky":false,"template":"","format":"standard","meta":{"footnotes":""},"categories":[40,41],"tags":[],"_links":{"self":[{"href":"https:\/\/institutviladomat.cat\/portfoli\/16sergisarraute\/wp-json\/wp\/v2\/posts\/526"}],"collection":[{"href":"https:\/\/institutviladomat.cat\/portfoli\/16sergisarraute\/wp-json\/wp\/v2\/posts"}],"about":[{"href":"https:\/\/institutviladomat.cat\/portfoli\/16sergisarraute\/wp-json\/wp\/v2\/types\/post"}],"author":[{"embeddable":true,"href":"https:\/\/institutviladomat.cat\/portfoli\/16sergisarraute\/wp-json\/wp\/v2\/users\/126"}],"replies":[{"embeddable":true,"href":"https:\/\/institutviladomat.cat\/portfoli\/16sergisarraute\/wp-json\/wp\/v2\/comments?post=526"}],"version-history":[{"count":4,"href":"https:\/\/institutviladomat.cat\/portfoli\/16sergisarraute\/wp-json\/wp\/v2\/posts\/526\/revisions"}],"predecessor-version":[{"id":532,"href":"https:\/\/institutviladomat.cat\/portfoli\/16sergisarraute\/wp-json\/wp\/v2\/posts\/526\/revisions\/532"}],"wp:attachment":[{"href":"https:\/\/institutviladomat.cat\/portfoli\/16sergisarraute\/wp-json\/wp\/v2\/media?parent=526"}],"wp:term":[{"taxonomy":"category","embeddable":true,"href":"https:\/\/institutviladomat.cat\/portfoli\/16sergisarraute\/wp-json\/wp\/v2\/categories?post=526"},{"taxonomy":"post_tag","embeddable":true,"href":"https:\/\/institutviladomat.cat\/portfoli\/16sergisarraute\/wp-json\/wp\/v2\/tags?post=526"}],"curies":[{"name":"wp","href":"https:\/\/api.w.org\/{rel}","templated":true}]}}