{"id":552,"date":"2018-11-22T18:58:35","date_gmt":"2018-11-22T18:58:35","guid":{"rendered":"http:\/\/institutviladomat.cat\/portfoli\/16sergisarraute\/?p=552"},"modified":"2018-11-22T18:58:35","modified_gmt":"2018-11-22T18:58:35","slug":"el-problema-de-la-u-e","status":"publish","type":"post","link":"https:\/\/institutviladomat.cat\/portfoli\/16sergisarraute\/2018\/11\/22\/el-problema-de-la-u-e\/","title":{"rendered":"El Problema de la U.E."},"content":{"rendered":"<p>Fa uns dies vam veure un documental ofert per TV3 en que es parlava de la crisi migrat\u00f2ria que est\u00e0 vivint Europa en aquests moments. Tothom vol una soluci\u00f3 r\u00e0pida per\u00f2 cal que tamb\u00e9 sigui efica\u00e7.<\/p>\n<p>Cada dia arriben a les nostres costes milers de persones que creuen la Mar Mediterrania. No s\u00f3n persones amb problemes econ\u00f2mics que no tenen recursos. S\u00f3n persones com nosaltres que tenien feines com les nostres i guanyaven igual que nosaltres. Ara, la gent pot arribar a pagar fins a 4000 euros en un vol a Berlin des de Damasc quan mai un bitllet d&#8217;avi\u00f3 havia costat aix\u00ed de car.<\/p>\n<p>Opino que els pa\u00efsos del sud som els que m\u00e9s patim aquest fen\u00f2men ja que al estar les nostres costes al Mediterrani \u00e9s on arriben. La U.E. hauria de preocupar-se m\u00e9s per aquest tema que per cap altre. Tots som persones i ens agrada ser acollits i respectats. Ni Brexits, ni tractats nuclears, ara toca encarregar-se d&#8217;aquest tema.<\/p>\n<p>&nbsp;<\/p>\n","protected":false},"excerpt":{"rendered":"<p>Fa uns dies vam veure un documental ofert per TV3 en que es parlava de la crisi migrat\u00f2ria que est\u00e0 vivint Europa en aquests moments. Tothom vol una&#8230;<\/p>\n","protected":false},"author":126,"featured_media":553,"comment_status":"open","ping_status":"open","sticky":false,"template":"","format":"standard","meta":{"footnotes":""},"categories":[40,52],"tags":[],"_links":{"self":[{"href":"https:\/\/institutviladomat.cat\/portfoli\/16sergisarraute\/wp-json\/wp\/v2\/posts\/552"}],"collection":[{"href":"https:\/\/institutviladomat.cat\/portfoli\/16sergisarraute\/wp-json\/wp\/v2\/posts"}],"about":[{"href":"https:\/\/institutviladomat.cat\/portfoli\/16sergisarraute\/wp-json\/wp\/v2\/types\/post"}],"author":[{"embeddable":true,"href":"https:\/\/institutviladomat.cat\/portfoli\/16sergisarraute\/wp-json\/wp\/v2\/users\/126"}],"replies":[{"embeddable":true,"href":"https:\/\/institutviladomat.cat\/portfoli\/16sergisarraute\/wp-json\/wp\/v2\/comments?post=552"}],"version-history":[{"count":1,"href":"https:\/\/institutviladomat.cat\/portfoli\/16sergisarraute\/wp-json\/wp\/v2\/posts\/552\/revisions"}],"predecessor-version":[{"id":554,"href":"https:\/\/institutviladomat.cat\/portfoli\/16sergisarraute\/wp-json\/wp\/v2\/posts\/552\/revisions\/554"}],"wp:featuredmedia":[{"embeddable":true,"href":"https:\/\/institutviladomat.cat\/portfoli\/16sergisarraute\/wp-json\/wp\/v2\/media\/553"}],"wp:attachment":[{"href":"https:\/\/institutviladomat.cat\/portfoli\/16sergisarraute\/wp-json\/wp\/v2\/media?parent=552"}],"wp:term":[{"taxonomy":"category","embeddable":true,"href":"https:\/\/institutviladomat.cat\/portfoli\/16sergisarraute\/wp-json\/wp\/v2\/categories?post=552"},{"taxonomy":"post_tag","embeddable":true,"href":"https:\/\/institutviladomat.cat\/portfoli\/16sergisarraute\/wp-json\/wp\/v2\/tags?post=552"}],"curies":[{"name":"wp","href":"https:\/\/api.w.org\/{rel}","templated":true}]}}