{"id":576,"date":"2018-12-17T16:18:15","date_gmt":"2018-12-17T16:18:15","guid":{"rendered":"http:\/\/institutviladomat.cat\/portfoli\/16sergisarraute\/?p=576"},"modified":"2018-12-17T16:20:02","modified_gmt":"2018-12-17T16:20:02","slug":"taller-dalemany","status":"publish","type":"post","link":"https:\/\/institutviladomat.cat\/portfoli\/16sergisarraute\/2018\/12\/17\/taller-dalemany\/","title":{"rendered":"Taller d&#8217;alemany"},"content":{"rendered":"\n<p>Des de primer d&#8217;ESO que faig com a &#8220;optativa&#8221; alemany. La llengua en si m&#8217;agrada per\u00f2 com a tot, es passen \u00e8poques de &#8211; que divertit anar a alemany o &#8211; si us plau que s&#8217;acabi aquesta tortura.<\/p>\n\n\n\n<p>En aquest taller aprenem b\u00e0sicament la llengua del pa\u00eds germ\u00e0nic. Actualment em trobo en el nivell A2 de la llengua i espero arribar a m\u00e9s. En aquest temps he apr\u00e8s a com conjugar els verbs, molt de vocabulari i els verbs regulars i irregulars entre altres aspectes.<\/p>\n\n\n\n<p>El que m\u00e9s m&#8217;agrada del taller \u00e9s el fet d&#8217;aprendre una nova llengua i la gent que hi ha en aquesta optativa. La gent fa que sogui m\u00e9s f\u00e0cil aprendre perqu\u00e8 en el fons estem aqu\u00ed perqu\u00e8 ho vam escollir en el seu dia.<\/p>\n\n\n\n<p>Jo no canviaria res, ja que ara aprenem l&#8217;alemany amb una p\u00e0gina web oferta per la televisi\u00f3 i r\u00e0dio p\u00fablica d&#8217;Alemanya que fins ara m&#8217;est\u00e0 agradant molt.<\/p>\n\n\n\n<p>Recomano estudiar aquesta llengua perqu\u00e8 \u00e9s molt interessant com a llengua i el m\u00e8tode que utilitzem la fa m\u00e9s f\u00e0cil i r\u00e0pida.<\/p>\n","protected":false},"excerpt":{"rendered":"<p>Des de primer d&#8217;ESO que faig com a &#8220;optativa&#8221; alemany. La llengua en si m&#8217;agrada per\u00f2 com a tot, es passen \u00e8poques de &#8211; que divertit anar a&#8230;<\/p>\n","protected":false},"author":126,"featured_media":577,"comment_status":"open","ping_status":"open","sticky":false,"template":"","format":"standard","meta":{"footnotes":""},"categories":[40],"tags":[],"_links":{"self":[{"href":"https:\/\/institutviladomat.cat\/portfoli\/16sergisarraute\/wp-json\/wp\/v2\/posts\/576"}],"collection":[{"href":"https:\/\/institutviladomat.cat\/portfoli\/16sergisarraute\/wp-json\/wp\/v2\/posts"}],"about":[{"href":"https:\/\/institutviladomat.cat\/portfoli\/16sergisarraute\/wp-json\/wp\/v2\/types\/post"}],"author":[{"embeddable":true,"href":"https:\/\/institutviladomat.cat\/portfoli\/16sergisarraute\/wp-json\/wp\/v2\/users\/126"}],"replies":[{"embeddable":true,"href":"https:\/\/institutviladomat.cat\/portfoli\/16sergisarraute\/wp-json\/wp\/v2\/comments?post=576"}],"version-history":[{"count":3,"href":"https:\/\/institutviladomat.cat\/portfoli\/16sergisarraute\/wp-json\/wp\/v2\/posts\/576\/revisions"}],"predecessor-version":[{"id":580,"href":"https:\/\/institutviladomat.cat\/portfoli\/16sergisarraute\/wp-json\/wp\/v2\/posts\/576\/revisions\/580"}],"wp:featuredmedia":[{"embeddable":true,"href":"https:\/\/institutviladomat.cat\/portfoli\/16sergisarraute\/wp-json\/wp\/v2\/media\/577"}],"wp:attachment":[{"href":"https:\/\/institutviladomat.cat\/portfoli\/16sergisarraute\/wp-json\/wp\/v2\/media?parent=576"}],"wp:term":[{"taxonomy":"category","embeddable":true,"href":"https:\/\/institutviladomat.cat\/portfoli\/16sergisarraute\/wp-json\/wp\/v2\/categories?post=576"},{"taxonomy":"post_tag","embeddable":true,"href":"https:\/\/institutviladomat.cat\/portfoli\/16sergisarraute\/wp-json\/wp\/v2\/tags?post=576"}],"curies":[{"name":"wp","href":"https:\/\/api.w.org\/{rel}","templated":true}]}}